{"id":131846,"date":"2019-11-01T07:20:43","date_gmt":"2019-11-01T10:20:43","guid":{"rendered":"http:\/\/www.caririemacao.com\/1\/?p=131846"},"modified":"2019-11-01T07:20:43","modified_gmt":"2019-11-01T10:20:43","slug":"apos-criticas-do-pai-eduardo-diz-que-nao-existe-qualquer-possibilidade-de-retorno-do-ai-5","status":"publish","type":"post","link":"https:\/\/www.caririemacao.com\/1\/2019\/11\/01\/apos-criticas-do-pai-eduardo-diz-que-nao-existe-qualquer-possibilidade-de-retorno-do-ai-5\/","title":{"rendered":"Ap\u00f3s cr\u00edticas do pai, Eduardo diz que &#8216;n\u00e3o existe qualquer possibilidade de retorno do AI-5&#8217;"},"content":{"rendered":"\n<p>Ap\u00f3s ser desautorizado inclusive por seu pai, o presidente Jair Bolsonaro, o deputado federal Eduardo Bolsonaro voltou atr\u00e1s e afirmou que &#8220;n\u00e3o existe qualquer possibilidade de retorno do AI-5&#8221;.<\/p>\n\n\n\n<p>&#8220;Esse n\u00e3o \u00e9 o ponto que n\u00f3s vivemos hoje, no contexto atual do Brasil. A gente vive um regime democr\u00e1tico, n\u00f3s seguimos a Constitui\u00e7\u00e3o. Inclusive esse \u00e9 o cen\u00e1rio que me fez ser o deputado mais votado da hist\u00f3ria&#8221;, disse Eduardo em v\u00eddeo publicado em rede social na tarde desta quinta-feira (31).<\/p>\n\n\n\n<p>&#8220;Ent\u00e3o n\u00e3o tem por que de eu descambar para o autoritarismo, eu tenho a meu favor a democracia.&#8221;<\/p>\n\n\n\n<p>Ele declarou que n\u00e3o fica &#8220;nem um pouco constrangido de pedir desculpa a qualquer tipo de pessoa que tenha se sentido ofendida ou imaginado o retorno do AI-5&#8221;.<\/p>\n\n\n\n<p>Na sa\u00edda do Pal\u00e1cio do Alvorada, o presidente Bolsonaro afirmou que qualquer um que fale em AI-5 neste momento no pa\u00eds &#8220;est\u00e1 sonhando&#8221; e pediu que o posicionamento seja cobrado n\u00e3o dele, mas de seu filho.<\/p>\n\n\n\n<p>&#8220;N\u00e3o apoio. Quem quer que seja que fale em AI-5 est\u00e1 sonhando. Est\u00e1 sonhando, est\u00e1 sonhando. N\u00e3o quero nem ver not\u00edcia nesse sentido a\u00ed&#8221;, disse. &#8220;Cobrem voc\u00eas dele, ele \u00e9 independente&#8221;, ressaltou.<\/p>\n\n\n\n<p>Bolsonaro voltou ao assunto em entrevista \u00e0 Band no final da tarde desta quinta e disse que a frase do filho foi dada no contexto das manifesta\u00e7\u00f5es do Chile e sugeriu a Eduardo avaliar um pedido de desculpa para quem se sentiu atingido. &#8220;Qualquer palavra nossa vira um tsunami.&#8221;<\/p>\n\n\n\n<p>&#8220;Essa arma [AI-5] n\u00e3o existe, e nem queremos, e nem pretendemos falar em autoritarismo da nossa parte. Eu fui eleito democraticamente, ele foi o deputado mais votado na hist\u00f3ria do Brasil.&#8221;<\/p>\n\n\n\n<p>A afirma\u00e7\u00e3o inicial de Eduardo foi feita em entrevista \u00e0 jornalista Leda Nagle realizada na segunda (28) e publicada nesta quinta (31) no canal dela no YouTube.<\/p>\n\n\n\n<p>&#8220;Tudo \u00e9 culpa do Bolsonaro, percebeu? Fogo na Amaz\u00f4nia, que sempre ocorre -eu j\u00e1 morei l\u00e1 em Rond\u00f4nia, sei como \u00e9 que \u00e9, sempre ocorre nessa esta\u00e7\u00e3o- culpa do Bolsonaro. \u00d3leo no Nordeste, culpa do Bolsonaro. Daqui a pouco vai passar esse \u00f3leo, tudo vai ficar limpo e a\u00ed vai vir uma outra coisa, qualquer coisa &#8211; culpa do Bolsonaro&#8221;, seguiu.<\/p>\n\n\n\n<p>&#8220;Se a esquerda radicalizar a esse ponto, a gente vai precisar ter uma resposta. E uma resposta pode ser via um novo AI-5, pode ser via uma legisla\u00e7\u00e3o aprovada atrav\u00e9s de um plebiscito como ocorreu na It\u00e1lia. Alguma resposta vai ter que ser dada&#8221;, afirmou o parlamentar, filho do presidente Jair Bolsonaro.&nbsp;<\/p>\n\n\n\n<p>&#8220;O que faz um pa\u00eds forte n\u00e3o \u00e9 um Estado forte. S\u00e3o indiv\u00edduos fortes. A conjectura n\u00e3o tem que ser futura, ela tem que ser presente. Quem \u00e9 o presidente dos Estados Unidos agora? \u00c9 o Trump. Ele se d\u00e1 bem com o Bolsonaro? Se d\u00e1 muito bem. Ent\u00e3o vamos aproveitar isso a\u00ed&#8221;, continuou.<\/p>\n\n\n\n<p>O quinto ato, assinado pelo marechal Arthur da Costa e Silva (que assumira a Presid\u00eancia em 1967), resultou no fechamento imediato e por tempo indeterminado do Congresso Nacional e das Assembleias nos estados &#8211; com exce\u00e7\u00e3o de S\u00e3o Paulo.<\/p>\n\n\n\n<p>Al\u00e9m disso, o AI-5 renovou poderes conferidos ao presidente para cassar mandatos e suspender direitos pol\u00edticos, agora em car\u00e1ter permanente. Tamb\u00e9m foi suspensa a garantia do habeas corpus em casos de crimes pol\u00edticos, contra a seguran\u00e7a nacional, a ordem econ\u00f4mica e a economia popular.<\/p>\n","protected":false},"excerpt":{"rendered":"<p>Ap\u00f3s ser desautorizado inclusive por seu pai, o presidente Jair Bolsonaro, o deputado federal Eduardo Bolsonaro voltou atr\u00e1s e afirmou que &#8220;n\u00e3o existe qualquer possibilidade&hellip; <\/p>\n","protected":false},"author":1,"featured_media":131848,"comment_status":"closed","ping_status":"closed","sticky":false,"template":"","format":"standard","meta":{"sfsi_plus_gutenberg_text_before_share":"","sfsi_plus_gutenberg_show_text_before_share":"","sfsi_plus_gutenberg_icon_type":"","sfsi_plus_gutenberg_icon_alignemt":"","sfsi_plus_gutenburg_max_per_row":"","footnotes":""},"categories":[11],"tags":[],"class_list":["post-131846","post","type-post","status-publish","format-standard","has-post-thumbnail","hentry","category-politica"],"_links":{"self":[{"href":"https:\/\/www.caririemacao.com\/1\/wp-json\/wp\/v2\/posts\/131846","targetHints":{"allow":["GET"]}}],"collection":[{"href":"https:\/\/www.caririemacao.com\/1\/wp-json\/wp\/v2\/posts"}],"about":[{"href":"https:\/\/www.caririemacao.com\/1\/wp-json\/wp\/v2\/types\/post"}],"author":[{"embeddable":true,"href":"https:\/\/www.caririemacao.com\/1\/wp-json\/wp\/v2\/users\/1"}],"replies":[{"embeddable":true,"href":"https:\/\/www.caririemacao.com\/1\/wp-json\/wp\/v2\/comments?post=131846"}],"version-history":[{"count":1,"href":"https:\/\/www.caririemacao.com\/1\/wp-json\/wp\/v2\/posts\/131846\/revisions"}],"predecessor-version":[{"id":131849,"href":"https:\/\/www.caririemacao.com\/1\/wp-json\/wp\/v2\/posts\/131846\/revisions\/131849"}],"wp:featuredmedia":[{"embeddable":true,"href":"https:\/\/www.caririemacao.com\/1\/wp-json\/wp\/v2\/media\/131848"}],"wp:attachment":[{"href":"https:\/\/www.caririemacao.com\/1\/wp-json\/wp\/v2\/media?parent=131846"}],"wp:term":[{"taxonomy":"category","embeddable":true,"href":"https:\/\/www.caririemacao.com\/1\/wp-json\/wp\/v2\/categories?post=131846"},{"taxonomy":"post_tag","embeddable":true,"href":"https:\/\/www.caririemacao.com\/1\/wp-json\/wp\/v2\/tags?post=131846"}],"curies":[{"name":"wp","href":"https:\/\/api.w.org\/{rel}","templated":true}]}}