{"id":131864,"date":"2019-11-01T07:24:52","date_gmt":"2019-11-01T10:24:52","guid":{"rendered":"http:\/\/www.caririemacao.com\/1\/?p=131864"},"modified":"2019-11-01T07:24:52","modified_gmt":"2019-11-01T10:24:52","slug":"quase-800-mil-candidatos-ainda-nao-sabem-onde-farao-o-enem","status":"publish","type":"post","link":"https:\/\/www.caririemacao.com\/1\/2019\/11\/01\/quase-800-mil-candidatos-ainda-nao-sabem-onde-farao-o-enem\/","title":{"rendered":"Quase 800 mil candidatos ainda n\u00e3o sabem onde far\u00e3o o Enem"},"content":{"rendered":"\n<p>Mais de 4,3 milh\u00f5es de candidatos visualizaram o local de prova do Exame Nacional do Ensino M\u00e9dio (Enem), informou hoje (31) o Instituto Nacional de Estudos e Pesquisas Educacionais An\u00edsio Teixeira (Inep). O exame ser\u00e1 aplicado nos dois pr\u00f3ximos domingos, dias 3 e 10 de novembro, em mais de 1,7 mil munic\u00edpios.<\/p>\n\n\n\n<p>Ao todo, cerca de 5,1 milh\u00f5es de candidatos est\u00e3o inscritos, mas, \u00e0s v\u00e9speras da aplica\u00e7\u00e3o das provas, 778 mil participantes ainda n\u00e3o sabem onde far\u00e3o o exame.<\/p>\n\n\n\n<p>O local de prova est\u00e1 dispon\u00edvel no Cart\u00e3o de Confirma\u00e7\u00e3o da Inscri\u00e7\u00e3o, na p\u00e1gina do participante e no aplicativo do Enem, que pode ser baixado nas plataformas Apple Store e Google Play.<\/p>\n\n\n\n<p>Al\u00e9m do local de prova, os estudantes podem conferir, no cart\u00e3o, o n\u00famero da sala onde far\u00e3o o exame; a op\u00e7\u00e3o de l\u00edngua estrangeira feita durante a inscri\u00e7\u00e3o e o tipo de atendimento espec\u00edfico e especializado com recursos de acessibilidade, caso tenha sido solicitado e aprovado, entre outras informa\u00e7\u00f5es.<\/p>\n\n\n\n<p>Uma vez sabendo o local de aplica\u00e7\u00e3o, a dica \u00e9 que os participantes fa\u00e7am o trajeto de casa at\u00e9 o lugar, para avaliar a dura\u00e7\u00e3o do trajeto no dia da prova. Isso para que os estudantes conhe\u00e7am o percurso e saibam o tempo que v\u00e3o gastar de casa at\u00e9 o local da prova.<\/p>\n\n\n\n<p>No dia do Enem, a recomenda\u00e7\u00e3o \u00e9 chegar ao local com anteced\u00eancia. Os port\u00f5es abrir\u00e3o \u00e0s 12h, pelo hor\u00e1rio oficial de Bras\u00edlia, e ser\u00e3o fechados \u00e0s 13h.<\/p>\n\n\n\n<p>Devido a diferen\u00e7as de fuso hor\u00e1rio no pa\u00eds, o Minist\u00e9rio da Educa\u00e7\u00e3o (MEC) divulgou a hora local de aplica\u00e7\u00e3o do Enem em diferentes regi\u00f5es.<\/p>\n\n\n\n<p>Declara\u00e7\u00e3o de comparecimento<br>Quem precisa comprovar presen\u00e7a no dia de prova do Enem deve imprimir a declara\u00e7\u00e3o de comparecimento personalizada, tamb\u00e9m dispon\u00edvel na p\u00e1gina do participante. De acordo com o Inep, para esses casos, \u00e9 indispens\u00e1vel que a declara\u00e7\u00e3o seja impressa e entregue ao aplicador no dia do exame.<\/p>\n\n\n\n<p>O Inep esclarece que n\u00e3o fornece comprovante de participa\u00e7\u00e3o ap\u00f3s o dia da prova. Para o primeiro dia do Enem, a declara\u00e7\u00e3o j\u00e1 est\u00e1 dispon\u00edvel. No dia 4 de novembro, dia seguinte ao primeiro domingo de aplica\u00e7\u00e3o do exame, o Inep disponibilizar\u00e1 a declara\u00e7\u00e3o de comparecimento do segundo domingo de provas, em 10 de novembro.<\/p>\n\n\n\n<p>O Inep recomenda que os participantes imprimam o cart\u00e3o de confirma\u00e7\u00e3o e, aqueles que precisam, imprimam a declara\u00e7\u00e3o de comparecimento e levem os dois para a aplica\u00e7\u00e3o do exame.<\/p>\n","protected":false},"excerpt":{"rendered":"<p>Mais de 4,3 milh\u00f5es de candidatos visualizaram o local de prova do Exame Nacional do Ensino M\u00e9dio (Enem), informou hoje (31) o Instituto Nacional de&hellip; <\/p>\n","protected":false},"author":1,"featured_media":103746,"comment_status":"closed","ping_status":"closed","sticky":false,"template":"","format":"standard","meta":{"sfsi_plus_gutenberg_text_before_share":"","sfsi_plus_gutenberg_show_text_before_share":"","sfsi_plus_gutenberg_icon_type":"","sfsi_plus_gutenberg_icon_alignemt":"","sfsi_plus_gutenburg_max_per_row":"","footnotes":""},"categories":[14],"tags":[],"class_list":["post-131864","post","type-post","status-publish","format-standard","has-post-thumbnail","hentry","category-educacao"],"_links":{"self":[{"href":"https:\/\/www.caririemacao.com\/1\/wp-json\/wp\/v2\/posts\/131864","targetHints":{"allow":["GET"]}}],"collection":[{"href":"https:\/\/www.caririemacao.com\/1\/wp-json\/wp\/v2\/posts"}],"about":[{"href":"https:\/\/www.caririemacao.com\/1\/wp-json\/wp\/v2\/types\/post"}],"author":[{"embeddable":true,"href":"https:\/\/www.caririemacao.com\/1\/wp-json\/wp\/v2\/users\/1"}],"replies":[{"embeddable":true,"href":"https:\/\/www.caririemacao.com\/1\/wp-json\/wp\/v2\/comments?post=131864"}],"version-history":[{"count":1,"href":"https:\/\/www.caririemacao.com\/1\/wp-json\/wp\/v2\/posts\/131864\/revisions"}],"predecessor-version":[{"id":131866,"href":"https:\/\/www.caririemacao.com\/1\/wp-json\/wp\/v2\/posts\/131864\/revisions\/131866"}],"wp:featuredmedia":[{"embeddable":true,"href":"https:\/\/www.caririemacao.com\/1\/wp-json\/wp\/v2\/media\/103746"}],"wp:attachment":[{"href":"https:\/\/www.caririemacao.com\/1\/wp-json\/wp\/v2\/media?parent=131864"}],"wp:term":[{"taxonomy":"category","embeddable":true,"href":"https:\/\/www.caririemacao.com\/1\/wp-json\/wp\/v2\/categories?post=131864"},{"taxonomy":"post_tag","embeddable":true,"href":"https:\/\/www.caririemacao.com\/1\/wp-json\/wp\/v2\/tags?post=131864"}],"curies":[{"name":"wp","href":"https:\/\/api.w.org\/{rel}","templated":true}]}}