{"id":131892,"date":"2019-11-01T08:12:39","date_gmt":"2019-11-01T11:12:39","guid":{"rendered":"http:\/\/www.caririemacao.com\/1\/?p=131892"},"modified":"2019-11-01T08:12:39","modified_gmt":"2019-11-01T11:12:39","slug":"previsao-do-tempo-para-esta-sexta-feira-em-toda-paraiba-24","status":"publish","type":"post","link":"https:\/\/www.caririemacao.com\/1\/2019\/11\/01\/previsao-do-tempo-para-esta-sexta-feira-em-toda-paraiba-24\/","title":{"rendered":"Previs\u00e3o do tempo para esta sexta-feira em toda Para\u00edba"},"content":{"rendered":"\n<p>Persistem as condi\u00e7\u00f5es de reduzida nebulosidade sobre o estado da Para\u00edba associadas \u00e0 circula\u00e7\u00e3o dos ventos em altos e m\u00e9dios n\u00edveis da atmosfera. No decorrer do dia, o sol dever\u00e1 predominar na maioria das regi\u00f5es do Estado e as temperaturas permanecem em eleva\u00e7\u00e3o, com a m\u00e1xima durante \u00e0 tarde devendo chegar aos 36\u00baC no Sert\u00e3o a 30\u00baC no Litoral.<\/p>\n\n\n\n<div class=\"wp-block-image\"><figure class=\"aligncenter\"><img decoding=\"async\" data-src=\"https:\/\/paraibaonline.com.br\/wp-content\/uploads\/2019\/11\/tempo0111.jpg\" alt=\"\" class=\"wp-image-816358 lazyload\" src=\"data:image\/svg+xml;base64,PHN2ZyB3aWR0aD0iMSIgaGVpZ2h0PSIxIiB4bWxucz0iaHR0cDovL3d3dy53My5vcmcvMjAwMC9zdmciPjwvc3ZnPg==\" \/><\/figure><\/div>\n\n\n\n<p>*Fonte: Aesa<\/p>\n","protected":false},"excerpt":{"rendered":"<p>Persistem as condi\u00e7\u00f5es de reduzida nebulosidade sobre o estado da Para\u00edba associadas \u00e0 circula\u00e7\u00e3o dos ventos em altos e m\u00e9dios n\u00edveis da atmosfera. No decorrer&hellip; <\/p>\n","protected":false},"author":1,"featured_media":62056,"comment_status":"closed","ping_status":"closed","sticky":false,"template":"","format":"standard","meta":{"sfsi_plus_gutenberg_text_before_share":"","sfsi_plus_gutenberg_show_text_before_share":"","sfsi_plus_gutenberg_icon_type":"","sfsi_plus_gutenberg_icon_alignemt":"","sfsi_plus_gutenburg_max_per_row":"","footnotes":""},"categories":[2],"tags":[],"class_list":["post-131892","post","type-post","status-publish","format-standard","has-post-thumbnail","hentry","category-geral"],"_links":{"self":[{"href":"https:\/\/www.caririemacao.com\/1\/wp-json\/wp\/v2\/posts\/131892","targetHints":{"allow":["GET"]}}],"collection":[{"href":"https:\/\/www.caririemacao.com\/1\/wp-json\/wp\/v2\/posts"}],"about":[{"href":"https:\/\/www.caririemacao.com\/1\/wp-json\/wp\/v2\/types\/post"}],"author":[{"embeddable":true,"href":"https:\/\/www.caririemacao.com\/1\/wp-json\/wp\/v2\/users\/1"}],"replies":[{"embeddable":true,"href":"https:\/\/www.caririemacao.com\/1\/wp-json\/wp\/v2\/comments?post=131892"}],"version-history":[{"count":1,"href":"https:\/\/www.caririemacao.com\/1\/wp-json\/wp\/v2\/posts\/131892\/revisions"}],"predecessor-version":[{"id":131893,"href":"https:\/\/www.caririemacao.com\/1\/wp-json\/wp\/v2\/posts\/131892\/revisions\/131893"}],"wp:featuredmedia":[{"embeddable":true,"href":"https:\/\/www.caririemacao.com\/1\/wp-json\/wp\/v2\/media\/62056"}],"wp:attachment":[{"href":"https:\/\/www.caririemacao.com\/1\/wp-json\/wp\/v2\/media?parent=131892"}],"wp:term":[{"taxonomy":"category","embeddable":true,"href":"https:\/\/www.caririemacao.com\/1\/wp-json\/wp\/v2\/categories?post=131892"},{"taxonomy":"post_tag","embeddable":true,"href":"https:\/\/www.caririemacao.com\/1\/wp-json\/wp\/v2\/tags?post=131892"}],"curies":[{"name":"wp","href":"https:\/\/api.w.org\/{rel}","templated":true}]}}