{"id":131900,"date":"2019-11-01T09:02:58","date_gmt":"2019-11-01T12:02:58","guid":{"rendered":"http:\/\/www.caririemacao.com\/1\/?p=131900"},"modified":"2019-11-01T09:02:58","modified_gmt":"2019-11-01T12:02:58","slug":"paraibano-morre-queimado-por-ex-namorada-no-rio-de-janeiro","status":"publish","type":"post","link":"https:\/\/www.caririemacao.com\/1\/2019\/11\/01\/paraibano-morre-queimado-por-ex-namorada-no-rio-de-janeiro\/","title":{"rendered":"Paraibano morre queimado por ex-namorada no Rio de janeiro"},"content":{"rendered":"\n<p>Luan Henrique, de 27 anos, era auxiliar de cozinha e estava internado em estado grave desde o s\u00e1bado (26), dia do crime<\/p>\n\n\n\n<p>outubro 31, 2019 \u00e0s 13:10 \u2013 Por: Reda\u00e7\u00e3o OP9<br>Paraibano, Luan morava havia tr\u00eas ano no Rio de Janeiro.<\/p>\n\n\n\n<p>Foto: Facebook\/Reprodu\u00e7\u00e3o<\/p>\n\n\n\n<p>Paraibano, Luan morava havia tr\u00eas ano no Rio de Janeiro. Foto: Facebook\/Reprodu\u00e7\u00e3o<\/p>\n\n\n\n<p>Morreu no in\u00edcio da noite da quarta-feira (30) auxiliar de coxinha paraibano que sofreu queimaduras em 40% do corpo depois de a ex-namorada ter arremessado \u00e1lcool nele e ateado fogo no s\u00e1bado (26) em Rio das Pedras, no Rio de Janeiro. Luan Henrique, de 27 anos, estava internado em estado grave desde o dia do crime. A suspeita chegou a prestar depoimento e ser liberada, mas foi presa na manh\u00e3 desta quinta-feira (31).<\/p>\n\n\n\n<p>Segundo o pai de Luan, o taxista Ednaldo Dantas, 47, a suspeita chamou o filho para conversar na casa dela e, durante uma briga, jogou \u00e1lcool no auxiliar de cozinha e provocou o fogo. Ednaldo contou que os dois mantiveram um relacionamento por quase um ano e estavam separados havia quatro meses. A v\u00edtima estava se envolvendo com outra pessoa, o que teria motivado uma crise de ci\u00fames da ex-namorada.<\/p>\n\n\n\n<p>\u201cMeu filho n\u00e3o resistiu por conta das queimaduras muito graves que essa marginal provocou. Ela agora tem que pagar pelo que fez. \u00c9 a dor de um pai que est\u00e1 sofrendo por ter perdido um filho t\u00e3o jovem\u201d, lamentou Ednaldo, no Facebook. O taxista, natural de Guarabira, no interior da Para\u00edba, est\u00e1 h\u00e1 23 anos no Rio de Janeiro. Luan tinha chegado \u00e0 cidade havia tr\u00eas anos para morar com o pai.<\/p>\n","protected":false},"excerpt":{"rendered":"<p>Luan Henrique, de 27 anos, era auxiliar de cozinha e estava internado em estado grave desde o s\u00e1bado (26), dia do crime outubro 31, 2019&hellip; <\/p>\n","protected":false},"author":1,"featured_media":131902,"comment_status":"closed","ping_status":"closed","sticky":false,"template":"","format":"standard","meta":{"sfsi_plus_gutenberg_text_before_share":"","sfsi_plus_gutenberg_show_text_before_share":"","sfsi_plus_gutenberg_icon_type":"","sfsi_plus_gutenberg_icon_alignemt":"","sfsi_plus_gutenburg_max_per_row":"","footnotes":""},"categories":[12],"tags":[],"class_list":["post-131900","post","type-post","status-publish","format-standard","has-post-thumbnail","hentry","category-policia"],"_links":{"self":[{"href":"https:\/\/www.caririemacao.com\/1\/wp-json\/wp\/v2\/posts\/131900","targetHints":{"allow":["GET"]}}],"collection":[{"href":"https:\/\/www.caririemacao.com\/1\/wp-json\/wp\/v2\/posts"}],"about":[{"href":"https:\/\/www.caririemacao.com\/1\/wp-json\/wp\/v2\/types\/post"}],"author":[{"embeddable":true,"href":"https:\/\/www.caririemacao.com\/1\/wp-json\/wp\/v2\/users\/1"}],"replies":[{"embeddable":true,"href":"https:\/\/www.caririemacao.com\/1\/wp-json\/wp\/v2\/comments?post=131900"}],"version-history":[{"count":1,"href":"https:\/\/www.caririemacao.com\/1\/wp-json\/wp\/v2\/posts\/131900\/revisions"}],"predecessor-version":[{"id":131903,"href":"https:\/\/www.caririemacao.com\/1\/wp-json\/wp\/v2\/posts\/131900\/revisions\/131903"}],"wp:featuredmedia":[{"embeddable":true,"href":"https:\/\/www.caririemacao.com\/1\/wp-json\/wp\/v2\/media\/131902"}],"wp:attachment":[{"href":"https:\/\/www.caririemacao.com\/1\/wp-json\/wp\/v2\/media?parent=131900"}],"wp:term":[{"taxonomy":"category","embeddable":true,"href":"https:\/\/www.caririemacao.com\/1\/wp-json\/wp\/v2\/categories?post=131900"},{"taxonomy":"post_tag","embeddable":true,"href":"https:\/\/www.caririemacao.com\/1\/wp-json\/wp\/v2\/tags?post=131900"}],"curies":[{"name":"wp","href":"https:\/\/api.w.org\/{rel}","templated":true}]}}