{"id":131909,"date":"2019-11-01T10:03:37","date_gmt":"2019-11-01T13:03:37","guid":{"rendered":"http:\/\/www.caririemacao.com\/1\/?p=131909"},"modified":"2019-11-01T10:03:37","modified_gmt":"2019-11-01T13:03:37","slug":"ao-lado-de-bolsonaro-secretario-da-pesca-diz-que-peixe-e-um-bicho-inteligente-e-foge-da-contaminacao-por-oleo","status":"publish","type":"post","link":"https:\/\/www.caririemacao.com\/1\/2019\/11\/01\/ao-lado-de-bolsonaro-secretario-da-pesca-diz-que-peixe-e-um-bicho-inteligente-e-foge-da-contaminacao-por-oleo\/","title":{"rendered":"Ao lado de Bolsonaro, secret\u00e1rio da Pesca diz que \u201cpeixe \u00e9 um bicho inteligente\u201d e foge da contamina\u00e7\u00e3o por \u00f3leo"},"content":{"rendered":"\n<p>Em sua live semanal nesta quinta-feira (31), o presidente Jair Bolsonaro comentou ao lado do secret\u00e1rio de Aquicultura e Pesca, sobre os efeitos no consumo de pescado que provocados pelas manchas de \u00f3leo que amea\u00e7am o litoral nordestino. O secret\u00e1rio Jorge Seif J\u00fanior comentou que o consumo dos frutos do mar capturados na regi\u00e3o est\u00e1 liberado porque os peixes s\u00e3o bichos inteligentes e fogem da contamina\u00e7\u00e3o.<\/p>\n\n\n\n<p>\u201cO peixe \u00e9 um bicho inteligente. Quando ele v\u00ea uma manta de \u00f3leo ali, capit\u00e3o, ele foge, ele tem medo. Ent\u00e3o, obviamente, voc\u00ea pode consumir o seu peixinho sem problema nenhum. Lagosta, camar\u00e3o, tudo perfeitamente sano, capit\u00e3o\u201d, declarou o titular da Secretaria de Aquicultura e Pesca, que \u00e9 formado em administra\u00e7\u00e3o de empresas e marketing.<\/p>\n\n\n\n<p>Bolsonaro, que estava ao seu lado, concordou com a declara\u00e7\u00e3o do secret\u00e1rio e ainda complementou dizendo que \u201cobviamente, \u00e0s vezes fica ali uma tartaruga na mancha de \u00f3leo, pra n\u00e3o falar que ningu\u00e9m fica, n\u00e9? Um peixe, um golfinho pode ficar. Mas, tudo bem\u201d.<\/p>\n\n\n\n<figure><iframe data-src=\"https:\/\/www.youtube.com\/embed\/VnP5EiKKFy0\" allowfullscreen=\"\" width=\"626\" height=\"360\" src=\"data:image\/svg+xml;base64,PHN2ZyB3aWR0aD0iMSIgaGVpZ2h0PSIxIiB4bWxucz0iaHR0cDovL3d3dy53My5vcmcvMjAwMC9zdmciPjwvc3ZnPg==\" class=\"lazyload\" data-load-mode=\"1\"><\/iframe><\/figure>\n\n\n\n<p>Depois que o v\u00eddeo foi ao ar, as redes sociais ficaram repletas de coment\u00e1rios ir\u00f4nicos sobre as declara\u00e7\u00f5es. Muitos internautas comentaram que o di\u00e1logo poderia ter sa\u00eddo do roteiro de algum programa de com\u00e9dia.<\/p>\n\n\n\n<p>O secret\u00e1rio Seif J\u00fanior tamb\u00e9m foi ao Twitter na madrugada desta sexta-feira (1\u00ba) para se pronunciar sobre o caso. Ele comentou que adora o \u201cmimimi\u201d e ainda declarou que \u201c nenhuma notifica\u00e7\u00e3o pelo minist\u00e9rio da sa\u00fade de contamina\u00e7\u00e3o por consumo de peixe&#8230; todas contamina\u00e7\u00f5es por uso de thinner e diesel para remover \u00f3leo do corpo dos volunt\u00e1rios&#8230; plantas que possuem Servi\u00e7o de Inspe\u00e7\u00e3o Federal refor\u00e7aram protocolos\u201d.<\/p>\n\n\n\n<figure class=\"wp-block-image\"><img decoding=\"async\" data-src=\"https:\/\/www.clickpb.com.br\/media\/filer_public\/c3\/60\/c360d027-f6a9-47da-b3ce-d63031fc9a9a\/secretario_da_pesca_peixe_e_inteligente.png\" alt=\"\" src=\"data:image\/svg+xml;base64,PHN2ZyB3aWR0aD0iMSIgaGVpZ2h0PSIxIiB4bWxucz0iaHR0cDovL3d3dy53My5vcmcvMjAwMC9zdmciPjwvc3ZnPg==\" class=\"lazyload\" \/><\/figure>\n","protected":false},"excerpt":{"rendered":"<p>Em sua live semanal nesta quinta-feira (31), o presidente Jair Bolsonaro comentou ao lado do secret\u00e1rio de Aquicultura e Pesca, sobre os efeitos no consumo&hellip; <\/p>\n","protected":false},"author":1,"featured_media":131911,"comment_status":"closed","ping_status":"closed","sticky":false,"template":"","format":"standard","meta":{"sfsi_plus_gutenberg_text_before_share":"","sfsi_plus_gutenberg_show_text_before_share":"","sfsi_plus_gutenberg_icon_type":"","sfsi_plus_gutenberg_icon_alignemt":"","sfsi_plus_gutenburg_max_per_row":"","footnotes":""},"categories":[11],"tags":[],"class_list":["post-131909","post","type-post","status-publish","format-standard","has-post-thumbnail","hentry","category-politica"],"_links":{"self":[{"href":"https:\/\/www.caririemacao.com\/1\/wp-json\/wp\/v2\/posts\/131909","targetHints":{"allow":["GET"]}}],"collection":[{"href":"https:\/\/www.caririemacao.com\/1\/wp-json\/wp\/v2\/posts"}],"about":[{"href":"https:\/\/www.caririemacao.com\/1\/wp-json\/wp\/v2\/types\/post"}],"author":[{"embeddable":true,"href":"https:\/\/www.caririemacao.com\/1\/wp-json\/wp\/v2\/users\/1"}],"replies":[{"embeddable":true,"href":"https:\/\/www.caririemacao.com\/1\/wp-json\/wp\/v2\/comments?post=131909"}],"version-history":[{"count":1,"href":"https:\/\/www.caririemacao.com\/1\/wp-json\/wp\/v2\/posts\/131909\/revisions"}],"predecessor-version":[{"id":131912,"href":"https:\/\/www.caririemacao.com\/1\/wp-json\/wp\/v2\/posts\/131909\/revisions\/131912"}],"wp:featuredmedia":[{"embeddable":true,"href":"https:\/\/www.caririemacao.com\/1\/wp-json\/wp\/v2\/media\/131911"}],"wp:attachment":[{"href":"https:\/\/www.caririemacao.com\/1\/wp-json\/wp\/v2\/media?parent=131909"}],"wp:term":[{"taxonomy":"category","embeddable":true,"href":"https:\/\/www.caririemacao.com\/1\/wp-json\/wp\/v2\/categories?post=131909"},{"taxonomy":"post_tag","embeddable":true,"href":"https:\/\/www.caririemacao.com\/1\/wp-json\/wp\/v2\/tags?post=131909"}],"curies":[{"name":"wp","href":"https:\/\/api.w.org\/{rel}","templated":true}]}}