{"id":131919,"date":"2019-11-01T10:20:53","date_gmt":"2019-11-01T13:20:53","guid":{"rendered":"http:\/\/www.caririemacao.com\/1\/?p=131919"},"modified":"2019-11-01T10:20:53","modified_gmt":"2019-11-01T13:20:53","slug":"anna-lorena-lanca-programa-cesta-social-para-atender-familias-carentes-de-monteiro","status":"publish","type":"post","link":"https:\/\/www.caririemacao.com\/1\/2019\/11\/01\/anna-lorena-lanca-programa-cesta-social-para-atender-familias-carentes-de-monteiro\/","title":{"rendered":"Anna Lorena lan\u00e7a  programa cesta social para atender fam\u00edlias carentes de Monteiro"},"content":{"rendered":"\n<p>Gratid\u00e3o foi uma das palavras mais ouvidas durante a cerim\u00f4nia que marcou o lan\u00e7amento e entrega das cestas b\u00e1sicas do Programa \u201cCESTA SOCIAL \u2013 Monteiro distribuindo esperan\u00e7a\u201d que aconteceu na tarde desta quinta-feira, 31, no Gin\u00e1sio O Chic\u00e3o em Monteiro.<\/p>\n\n\n\n<p>Acolher, ouvir e atender a popula\u00e7\u00e3o t\u00eam sido atitudes que a gestora Anna Lorena adotou desde o in\u00edcio de seu mandato a frente da Prefeitura Municipal de Monteiro, e neste sentido as a\u00e7\u00f5es desenvolvidas sempre tiveram um olhar diferenciado pela sua equipe de governo, como demonstra o Programa CESTA SOCIAL que contempla a partir deste m\u00eas de outubro 500 fam\u00edlias monteirenses mensalmente.<\/p>\n\n\n\n<p>Produtos indispens\u00e1veis para uma boa nutri\u00e7\u00e3o di\u00e1ria como a\u00e7\u00facar, arroz, feij\u00e3o, caf\u00e9, fub\u00e1 de milho, macarr\u00e3o, extrato de tomate, biscoitos doces e salgados, leite em p\u00f3 e margarina fazem parte da CESTA SOCIAL distribu\u00edda com fam\u00edlias carentes de Monteiro.<\/p>\n\n\n\n<p>\u201cNossa meta \u00e9 fazer com que parte das fam\u00edlias monteirenses sejam assistidas e possam ter uma boa alimenta\u00e7\u00e3o. Sabemos que estas pessoas encontravam-se em situa\u00e7\u00e3o de vulnerabilidade e estamos trabalhando para oferecer melhores condi\u00e7\u00f5es de vida a estas fam\u00edlias\u201d, comentou a prefeita durante sua chegada ao evento em entrevista.<\/p>\n\n\n\n<p>O evento de suma import\u00e2ncia para a popula\u00e7\u00e3o carente foi prestigiada por autoridades religiosas, vereadores, secret\u00e1rios e um grande n\u00famero da popula\u00e7\u00e3o que vibrou e se emocionou ao ouvir as palavras de uma das benefici\u00e1rias, a senhora Marinalva Nunes: \u201cEu s\u00f3 tenho a agradecer. Esse Programa veio em boa hora e veio beneficiar nossa comunidade, que Deus venha sempre a aben\u00e7oar Anna Lorena que ela continue sempre assim, essa pessoa meiga e carinhosa e continue sempre a nos ajudar, que Deus a aben\u00e7oe\u201d.<\/p>\n\n\n\n<p>Durante todo o evento foi not\u00f3ria a emo\u00e7\u00e3o dos benefici\u00e1rios que agradeceram pessoalmente a gestora pelo ato, reiterando sempre a gratid\u00e3o por atrav\u00e9s da Secretaria de Desenvolvimento Social, proporcionar as refei\u00e7\u00f5es \u00e0s suas mesas. Anna Lorena recebeu o carinho de toda a popula\u00e7\u00e3o, ouviu os pedidos e sugest\u00f5es para a serem aplicados em seu governo.<\/p>\n\n\n\n<p>\u201cAnna Lorena, que Deus te aben\u00e7oe e que ele continue guiando teus passos a frente dessa prefeitura, eu tenho certeza que cada um aqui recebendo ou n\u00e3o a cesta sabe da sua dedica\u00e7\u00e3o e de todos que trabalham com voc\u00ea. Continue lutando por n\u00f3s menina, seu pai est\u00e1 muito orgulhoso de voc\u00ea\u201d, disse emocionada a senhora Maria Aparecida Pereira.<\/p>\n\n\n\n<p>Durante a solenidade de lan\u00e7amento do programa e a entrega das primeiras 500 cestas de alimentos, fizeram o uso da palavra a secret\u00e1ria Rosa Aleixo, o presidente da C\u00e2mara de Vereadores Caj\u00f3 Menezes, os pastores Cidiglay da Igreja Madureira, Edson da Universal, do padre Isaias, e a prefeita Anna Lorena que foi aplaudida de p\u00e9 pelos presentes ao Gin\u00e1sio Chic\u00e3o.<br><br><strong>PROGRAMA CESTA SOCIAL<br><\/strong>O Programa idealizado pela pr\u00f3pria prefeita Anna Lorena e coordenado pela Secretaria de Desenvolvimento Social do munic\u00edpio de Monteiro se deu atrav\u00e9s de pesquisas e entrevistas visando selecionar a parcela da popula\u00e7\u00e3o que mais precisa dos alimentos.<\/p>\n\n\n\n<p>A cesta ser\u00e1 entregue mensalmente pela equipe da referida secretaria, e \u00e9 resultado da aplica\u00e7\u00e3o dos recursos do munic\u00edpio, proporcionado pelo equil\u00edbrio financeiro dos cofres municipais.<\/p>\n\n\n\n<h6 class=\"wp-block-heading\"><\/h6>\n","protected":false},"excerpt":{"rendered":"<p>Gratid\u00e3o foi uma das palavras mais ouvidas durante a cerim\u00f4nia que marcou o lan\u00e7amento e entrega das cestas b\u00e1sicas do Programa \u201cCESTA SOCIAL \u2013 Monteiro&hellip; <\/p>\n","protected":false},"author":1,"featured_media":131921,"comment_status":"closed","ping_status":"closed","sticky":false,"template":"","format":"standard","meta":{"sfsi_plus_gutenberg_text_before_share":"","sfsi_plus_gutenberg_show_text_before_share":"","sfsi_plus_gutenberg_icon_type":"","sfsi_plus_gutenberg_icon_alignemt":"","sfsi_plus_gutenburg_max_per_row":"","footnotes":""},"categories":[2],"tags":[],"class_list":["post-131919","post","type-post","status-publish","format-standard","has-post-thumbnail","hentry","category-geral"],"_links":{"self":[{"href":"https:\/\/www.caririemacao.com\/1\/wp-json\/wp\/v2\/posts\/131919","targetHints":{"allow":["GET"]}}],"collection":[{"href":"https:\/\/www.caririemacao.com\/1\/wp-json\/wp\/v2\/posts"}],"about":[{"href":"https:\/\/www.caririemacao.com\/1\/wp-json\/wp\/v2\/types\/post"}],"author":[{"embeddable":true,"href":"https:\/\/www.caririemacao.com\/1\/wp-json\/wp\/v2\/users\/1"}],"replies":[{"embeddable":true,"href":"https:\/\/www.caririemacao.com\/1\/wp-json\/wp\/v2\/comments?post=131919"}],"version-history":[{"count":1,"href":"https:\/\/www.caririemacao.com\/1\/wp-json\/wp\/v2\/posts\/131919\/revisions"}],"predecessor-version":[{"id":131922,"href":"https:\/\/www.caririemacao.com\/1\/wp-json\/wp\/v2\/posts\/131919\/revisions\/131922"}],"wp:featuredmedia":[{"embeddable":true,"href":"https:\/\/www.caririemacao.com\/1\/wp-json\/wp\/v2\/media\/131921"}],"wp:attachment":[{"href":"https:\/\/www.caririemacao.com\/1\/wp-json\/wp\/v2\/media?parent=131919"}],"wp:term":[{"taxonomy":"category","embeddable":true,"href":"https:\/\/www.caririemacao.com\/1\/wp-json\/wp\/v2\/categories?post=131919"},{"taxonomy":"post_tag","embeddable":true,"href":"https:\/\/www.caririemacao.com\/1\/wp-json\/wp\/v2\/tags?post=131919"}],"curies":[{"name":"wp","href":"https:\/\/api.w.org\/{rel}","templated":true}]}}