{"id":131930,"date":"2019-11-01T10:42:17","date_gmt":"2019-11-01T13:42:17","guid":{"rendered":"http:\/\/www.caririemacao.com\/1\/?p=131930"},"modified":"2019-11-01T18:45:15","modified_gmt":"2019-11-01T21:45:15","slug":"video-vereador-tenta-agredir-secretario-durante-sessao-na-camara-de-monteiro","status":"publish","type":"post","link":"https:\/\/www.caririemacao.com\/1\/2019\/11\/01\/video-vereador-tenta-agredir-secretario-durante-sessao-na-camara-de-monteiro\/","title":{"rendered":"V\u00cdDEO: Vereador tenta agredir secret\u00e1rio durante sess\u00e3o na C\u00e2mara de Monteiro"},"content":{"rendered":"\n<p>Durante a participa\u00e7\u00e3o do secret\u00e1rio de Infraestrutura, Juraci Conrado, na tribuna da C\u00e2mara de Vereadores de Monteiro, na noite desta quinta-feira, 31\/10, o vereador Lito, aliado do deputado Jo\u00e3o Henrique, tentou agredir o secret\u00e1rio Conrado.<\/p>\n\n\n\n<p>Na tribuna, o secret\u00e1rio foi provocado pelo vereador, ex-aliado da prefeita Lorenna, ao rebater o discurso do secret\u00e1rio Conrado. <\/p>\n\n\n\n<p>Lito se levantou de sua cadeira e partiu para agress\u00e3o\ndurante a sess\u00e3o. <\/p>\n\n\n\n<p>VEJA O V\u00cdDEO:<\/p>\n\n\n\n<figure class=\"wp-block-embed\"><div class=\"wp-block-embed__wrapper\">\n<div class=\"ose-self-hosterd ose-uid-e635a08c62fb28bb7e7fbeb6a77baec8 ose-embedpress-responsive\" style=\"width:600px; height:550px; max-height:550px; max-width:100%; display:inline-block;\" data-embed-type=\"document_mp4\"><video controls width=\"600\" height=\"550\"> <source src=\"http:\/\/www.caririemacao.com\/1\/wp-content\/uploads\/2019\/11\/WhatsApp-Video-2019-11-01-at-09.13.26.mp4\" > <\/video><\/div>\n<\/div><\/figure>\n\n\n\n<p>Fonte: Monteiro News TV<\/p>\n","protected":false},"excerpt":{"rendered":"<p>Durante a participa\u00e7\u00e3o do secret\u00e1rio de Infraestrutura, Juraci Conrado, na tribuna da C\u00e2mara de Vereadores de Monteiro, na noite desta quinta-feira, 31\/10, o vereador Lito,&hellip; <\/p>\n","protected":false},"author":2,"featured_media":131933,"comment_status":"closed","ping_status":"closed","sticky":false,"template":"","format":"standard","meta":{"sfsi_plus_gutenberg_text_before_share":"","sfsi_plus_gutenberg_show_text_before_share":"","sfsi_plus_gutenberg_icon_type":"","sfsi_plus_gutenberg_icon_alignemt":"","sfsi_plus_gutenburg_max_per_row":"","footnotes":""},"categories":[50,11],"tags":[],"class_list":["post-131930","post","type-post","status-publish","format-standard","has-post-thumbnail","hentry","category-destaque","category-politica"],"_links":{"self":[{"href":"https:\/\/www.caririemacao.com\/1\/wp-json\/wp\/v2\/posts\/131930","targetHints":{"allow":["GET"]}}],"collection":[{"href":"https:\/\/www.caririemacao.com\/1\/wp-json\/wp\/v2\/posts"}],"about":[{"href":"https:\/\/www.caririemacao.com\/1\/wp-json\/wp\/v2\/types\/post"}],"author":[{"embeddable":true,"href":"https:\/\/www.caririemacao.com\/1\/wp-json\/wp\/v2\/users\/2"}],"replies":[{"embeddable":true,"href":"https:\/\/www.caririemacao.com\/1\/wp-json\/wp\/v2\/comments?post=131930"}],"version-history":[{"count":2,"href":"https:\/\/www.caririemacao.com\/1\/wp-json\/wp\/v2\/posts\/131930\/revisions"}],"predecessor-version":[{"id":132028,"href":"https:\/\/www.caririemacao.com\/1\/wp-json\/wp\/v2\/posts\/131930\/revisions\/132028"}],"wp:featuredmedia":[{"embeddable":true,"href":"https:\/\/www.caririemacao.com\/1\/wp-json\/wp\/v2\/media\/131933"}],"wp:attachment":[{"href":"https:\/\/www.caririemacao.com\/1\/wp-json\/wp\/v2\/media?parent=131930"}],"wp:term":[{"taxonomy":"category","embeddable":true,"href":"https:\/\/www.caririemacao.com\/1\/wp-json\/wp\/v2\/categories?post=131930"},{"taxonomy":"post_tag","embeddable":true,"href":"https:\/\/www.caririemacao.com\/1\/wp-json\/wp\/v2\/tags?post=131930"}],"curies":[{"name":"wp","href":"https:\/\/api.w.org\/{rel}","templated":true}]}}