{"id":131935,"date":"2019-11-01T11:41:24","date_gmt":"2019-11-01T14:41:24","guid":{"rendered":"http:\/\/www.caririemacao.com\/1\/?p=131935"},"modified":"2019-11-01T11:41:24","modified_gmt":"2019-11-01T14:41:24","slug":"sume-sedia-conferencia-regional-de-seguranca-alimentar-e-nutricional","status":"publish","type":"post","link":"https:\/\/www.caririemacao.com\/1\/2019\/11\/01\/sume-sedia-conferencia-regional-de-seguranca-alimentar-e-nutricional\/","title":{"rendered":"Sum\u00e9 sedia Confer\u00eancia Regional de Seguran\u00e7a Alimentar e Nutricional"},"content":{"rendered":"\n<p>A cidade de Sum\u00e9 sediou na quinta-feira (31) a Confer\u00eancia Regional de Seguran\u00e7a Alimentar e Nutricional. O evento ocorreu no audit\u00f3rio do Sal\u00e3o Paroquial e foi organizado pelo Conselho Estadual de Seguran\u00e7a Alimentar e Nutricional (Consea), com o apoio do Projeto de Consolida\u00e7\u00e3o do Sisan, vinculado \u00e0 Secretaria de Estado do Desenvolvimento Humano e a Prefeitura de Sum\u00e9<\/p>\n\n\n\n<p>Com o tema: Soberania e Seguran\u00e7a Alimentar e Nutricional, a Confer\u00eancia teve como objetivos analisar os avan\u00e7os, as amea\u00e7as e as perspectivas para a efetiva\u00e7\u00e3o do direito humano \u00e0 alimenta\u00e7\u00e3o adequada, apresentar as recomenda\u00e7\u00f5es relacionadas ao Plano de Seguran\u00e7a Alimentar e Nutricional, avaliar e fazer recomenda\u00e7\u00f5es para avan\u00e7ar e qualificar o processo de implementa\u00e7\u00e3o do Sisan.<\/p>\n\n\n\n<p>O evento foi voltado para os munic\u00edpios do Cariri Ocidental e contou com a presen\u00e7a de 14 cidades da regi\u00e3o. Do munic\u00edpio de Sum\u00e9 estiveram participando, o prefeito \u00c9den Duarte, a secret\u00e1ria da Assist\u00eancia Social, Tanniery L\u00eala, Jos\u00e9 Rom\u00e9rio, engenheiro agr\u00f4nomo e o secret\u00e1rio de administra\u00e7\u00e3o, Bonilson Timot\u00e9o, al\u00e9m de representantes de associa\u00e7\u00f5es.<\/p>\n\n\n\n<p>Durante a Confer\u00eancia foram discutidos os eixos: A situa\u00e7\u00e3o da seguran\u00e7a alimentar, fortalecimento do Sistema Nacional de Seguran\u00e7a Alimentar e Nutricional e Diretrizes da Pol\u00edtica Nacional da Seguran\u00e7a Alimentar e Nutricional.<\/p>\n\n\n\n<p>Ap\u00f3s a Confer\u00eancia regional, um encontro nacional ir\u00e1 acontecer com a representa\u00e7\u00e3o da regi\u00e3o, que ter\u00e1 como objetivo elaborar um documento que ser\u00e1 encaminhado para o Conselho Nacional.<\/p>\n\n\n\n<p>Vale destacar que Sum\u00e9 foi o primeiro munic\u00edpio da Para\u00edba a criar um plano de seguran\u00e7a alimentar e nutricional, com isso facilitou a sua ades\u00e3o ao Programa de Aquisi\u00e7\u00e3o de Alimentos (PAA), possibilitando que o munic\u00edpio possa distribuir alimentos para as pessoas de baixa renda.<\/p>\n","protected":false},"excerpt":{"rendered":"<p>A cidade de Sum\u00e9 sediou na quinta-feira (31) a Confer\u00eancia Regional de Seguran\u00e7a Alimentar e Nutricional. O evento ocorreu no audit\u00f3rio do Sal\u00e3o Paroquial e&hellip; <\/p>\n","protected":false},"author":1,"featured_media":131936,"comment_status":"closed","ping_status":"closed","sticky":false,"template":"","format":"standard","meta":{"sfsi_plus_gutenberg_text_before_share":"","sfsi_plus_gutenberg_show_text_before_share":"","sfsi_plus_gutenberg_icon_type":"","sfsi_plus_gutenberg_icon_alignemt":"","sfsi_plus_gutenburg_max_per_row":"","footnotes":""},"categories":[6],"tags":[],"class_list":["post-131935","post","type-post","status-publish","format-standard","has-post-thumbnail","hentry","category-cidades"],"_links":{"self":[{"href":"https:\/\/www.caririemacao.com\/1\/wp-json\/wp\/v2\/posts\/131935","targetHints":{"allow":["GET"]}}],"collection":[{"href":"https:\/\/www.caririemacao.com\/1\/wp-json\/wp\/v2\/posts"}],"about":[{"href":"https:\/\/www.caririemacao.com\/1\/wp-json\/wp\/v2\/types\/post"}],"author":[{"embeddable":true,"href":"https:\/\/www.caririemacao.com\/1\/wp-json\/wp\/v2\/users\/1"}],"replies":[{"embeddable":true,"href":"https:\/\/www.caririemacao.com\/1\/wp-json\/wp\/v2\/comments?post=131935"}],"version-history":[{"count":1,"href":"https:\/\/www.caririemacao.com\/1\/wp-json\/wp\/v2\/posts\/131935\/revisions"}],"predecessor-version":[{"id":131937,"href":"https:\/\/www.caririemacao.com\/1\/wp-json\/wp\/v2\/posts\/131935\/revisions\/131937"}],"wp:featuredmedia":[{"embeddable":true,"href":"https:\/\/www.caririemacao.com\/1\/wp-json\/wp\/v2\/media\/131936"}],"wp:attachment":[{"href":"https:\/\/www.caririemacao.com\/1\/wp-json\/wp\/v2\/media?parent=131935"}],"wp:term":[{"taxonomy":"category","embeddable":true,"href":"https:\/\/www.caririemacao.com\/1\/wp-json\/wp\/v2\/categories?post=131935"},{"taxonomy":"post_tag","embeddable":true,"href":"https:\/\/www.caririemacao.com\/1\/wp-json\/wp\/v2\/tags?post=131935"}],"curies":[{"name":"wp","href":"https:\/\/api.w.org\/{rel}","templated":true}]}}