{"id":131943,"date":"2019-11-01T11:48:05","date_gmt":"2019-11-01T14:48:05","guid":{"rendered":"http:\/\/www.caririemacao.com\/1\/?p=131943"},"modified":"2019-11-01T11:48:05","modified_gmt":"2019-11-01T14:48:05","slug":"vice-do-vice-vice-prefeito-assume-interinamente-e-nomeia-vice-para-si-mesmo-na-pb","status":"publish","type":"post","link":"https:\/\/www.caririemacao.com\/1\/2019\/11\/01\/vice-do-vice-vice-prefeito-assume-interinamente-e-nomeia-vice-para-si-mesmo-na-pb\/","title":{"rendered":"VICE DO VICE: Vice-prefeito assume interinamente e nomeia vice para si mesmo na PB"},"content":{"rendered":"\n<p>O vice-prefeito de S\u00e3o Jos\u00e9 de Piranhas, J\u00fanior Brasileiro (PSDB), assumir\u00e1 interinamente a prefeitura durante dez dias, a partir deste s\u00e1bado (2), e achou que seria uma boa ideia nomear um vice para si mesmo.<\/p>\n\n\n\n<p>J\u00fanior Brasileiro assinou portaria nessa quinta-feira (31) nomeando Clarindo Geraldo Nunes Rolim para o cargo em comiss\u00e3o de vice-prefeito at\u00e9 ulterior delibera\u00e7\u00e3o.<\/p>\n\n\n\n<p>Esta \u00e9 a segunda vez este ano que J\u00fanior Brasileiro assume a prefeitura. Desta vez, o prefeito Chico Mendes vai tirar uma licen\u00e7a de dez dias.<\/p>\n\n\n\n<p>De acordo com dados do Sagres, o sal\u00e1rio do vice-prefeito de S\u00e3o Jos\u00e9 de Piranhas \u00e9 R$ 12 mil mensalmente. Isso significaria que o mais recente nomeado para o cargo de vice, caso fique dez dias no posto, receber\u00e1 remunera\u00e7\u00e3o de R$ 4 mil. J\u00e1 o prefeito de S\u00e3o Jos\u00e9 de Piranhas, Chico Mendes, \u00e9 o prefeito que recebe maior remunera\u00e7\u00e3o na Para\u00edba, chegando ao total mensal de R$ 24 mil.<\/p>\n\n\n\n<p>O vice-prefeito J\u00fanior Brasileiro disse que em seu per\u00edodo \u00e0 frente da prefeitura dever\u00e1 entregar algumas passagens molhadas, inaugurar a pra\u00e7a constru\u00edda no S\u00edtio Picada dos Ferreiras, al\u00e9m de assinar ordens de servi\u00e7os para aberturas de estradas.<\/p>\n\n\n\n<p>\u201cEstou muito feliz, recebo mais uma vez a responsabilidade de assumir nosso munic\u00edpio pela segunda vez neste ano, agrade\u00e7o ao prefeito Chico Mendes, nossos vereadores e aos nossos secret\u00e1rios, pelo carinho, confian\u00e7a e respeito\u201d, declarou.<\/p>\n","protected":false},"excerpt":{"rendered":"<p>O vice-prefeito de S\u00e3o Jos\u00e9 de Piranhas, J\u00fanior Brasileiro (PSDB), assumir\u00e1 interinamente a prefeitura durante dez dias, a partir deste s\u00e1bado (2), e achou que&hellip; <\/p>\n","protected":false},"author":1,"featured_media":131948,"comment_status":"closed","ping_status":"closed","sticky":false,"template":"","format":"standard","meta":{"sfsi_plus_gutenberg_text_before_share":"","sfsi_plus_gutenberg_show_text_before_share":"","sfsi_plus_gutenberg_icon_type":"","sfsi_plus_gutenberg_icon_alignemt":"","sfsi_plus_gutenburg_max_per_row":"","footnotes":""},"categories":[6],"tags":[],"class_list":["post-131943","post","type-post","status-publish","format-standard","has-post-thumbnail","hentry","category-cidades"],"_links":{"self":[{"href":"https:\/\/www.caririemacao.com\/1\/wp-json\/wp\/v2\/posts\/131943","targetHints":{"allow":["GET"]}}],"collection":[{"href":"https:\/\/www.caririemacao.com\/1\/wp-json\/wp\/v2\/posts"}],"about":[{"href":"https:\/\/www.caririemacao.com\/1\/wp-json\/wp\/v2\/types\/post"}],"author":[{"embeddable":true,"href":"https:\/\/www.caririemacao.com\/1\/wp-json\/wp\/v2\/users\/1"}],"replies":[{"embeddable":true,"href":"https:\/\/www.caririemacao.com\/1\/wp-json\/wp\/v2\/comments?post=131943"}],"version-history":[{"count":1,"href":"https:\/\/www.caririemacao.com\/1\/wp-json\/wp\/v2\/posts\/131943\/revisions"}],"predecessor-version":[{"id":131949,"href":"https:\/\/www.caririemacao.com\/1\/wp-json\/wp\/v2\/posts\/131943\/revisions\/131949"}],"wp:featuredmedia":[{"embeddable":true,"href":"https:\/\/www.caririemacao.com\/1\/wp-json\/wp\/v2\/media\/131948"}],"wp:attachment":[{"href":"https:\/\/www.caririemacao.com\/1\/wp-json\/wp\/v2\/media?parent=131943"}],"wp:term":[{"taxonomy":"category","embeddable":true,"href":"https:\/\/www.caririemacao.com\/1\/wp-json\/wp\/v2\/categories?post=131943"},{"taxonomy":"post_tag","embeddable":true,"href":"https:\/\/www.caririemacao.com\/1\/wp-json\/wp\/v2\/tags?post=131943"}],"curies":[{"name":"wp","href":"https:\/\/api.w.org\/{rel}","templated":true}]}}