{"id":131953,"date":"2019-11-01T11:57:39","date_gmt":"2019-11-01T14:57:39","guid":{"rendered":"http:\/\/www.caririemacao.com\/1\/?p=131953"},"modified":"2019-11-01T11:57:39","modified_gmt":"2019-11-01T14:57:39","slug":"pistoleiro-acusado-de-matar-comerciante-na-paraiba-e-jovem-em-pernambuco-e-preso-na-zona-rural-de-taquaritinga-do-norte-pe","status":"publish","type":"post","link":"https:\/\/www.caririemacao.com\/1\/2019\/11\/01\/pistoleiro-acusado-de-matar-comerciante-na-paraiba-e-jovem-em-pernambuco-e-preso-na-zona-rural-de-taquaritinga-do-norte-pe\/","title":{"rendered":"Pistoleiro acusado de matar comerciante na Para\u00edba e jovem em Pernambuco \u00e9 preso na zona rural de Taquaritinga do Norte-PE"},"content":{"rendered":"\n<p>Na madrugada desta \u00faltima quinta-feira (31), policiais das delegacias de\u00a0<strong>Iguaracy<\/strong>-PE e\u00a0<strong>Campina Grande<\/strong>-PB, com o apoio de policias do Malhas da Lei da AIS-17 prenderam o pistoleiro,\u00a0<strong>Roberv\u00e2nio de Lima Santos<\/strong>, vulgo \u201c<strong>Fininho<\/strong>\/<strong>Para\u00edba<\/strong>\u201d, de 37 anos, no S\u00edtio Lagoa Dantas, na zona rural de\u00a0<strong>Taquaritinga do Norte<\/strong>, no Agreste do estado de Pernambuco.\u00a0<br>Segundo informa\u00e7\u00f5es da Pol\u00edcia Civil, \u201c<strong>Fininho<\/strong>\u201d foi preso por for\u00e7a de dois mandados de pris\u00e3o por dois homic\u00eddios, um registado em 09 de Agosto de 2018, no distrito de\u00a0<strong>Galante<\/strong>\u00a0no munic\u00edpio de Campina Grande-PB e outro ocorrido no dia 6 de Julho de 2019 no Distrito de\u00a0<strong>Jabitac\u00e1<\/strong>, no munic\u00edpio de Iguaracy-PE.\u00a0<\/p>\n\n\n\n<figure class=\"wp-block-image\"><a href=\"https:\/\/1.bp.blogspot.com\/-tiOsplueB9Q\/XbwvZCo9BiI\/AAAAAAAAGRw\/FvTQIWWPN2YA1KT4rPUpB9pnowclnr4ogCLcBGAsYHQ\/s1600\/RT%2B-%2B2.jpg\"><img decoding=\"async\" data-src=\"https:\/\/1.bp.blogspot.com\/-tiOsplueB9Q\/XbwvZCo9BiI\/AAAAAAAAGRw\/FvTQIWWPN2YA1KT4rPUpB9pnowclnr4ogCLcBGAsYHQ\/s1600\/RT%2B-%2B2.jpg\" alt=\"\" src=\"data:image\/svg+xml;base64,PHN2ZyB3aWR0aD0iMSIgaGVpZ2h0PSIxIiB4bWxucz0iaHR0cDovL3d3dy53My5vcmcvMjAwMC9zdmciPjwvc3ZnPg==\" class=\"lazyload\" \/><\/a><\/figure>\n\n\n\n<p>A&nbsp;<strong>Pol\u00edcia Civil<\/strong>&nbsp;ainda informou que no crime do Distrito de Galante, o pistoleiro chegou dizendo que era um oficial de Justi\u00e7a e matou o comerciante&nbsp;<strong>Severino do Ramos Silva<\/strong>, de 58 anos; j\u00e1 em rela\u00e7\u00e3o ao crime em Jabitac\u00e1, a v\u00edtima foi o jovem&nbsp;<strong>Jo\u00e3o Lucas<\/strong>, de 23 anos, sobrinho de um ex-candidato a vereador daquele munic\u00edpio.&nbsp;<\/p>\n\n\n\n<figure class=\"wp-block-image\"><a href=\"https:\/\/1.bp.blogspot.com\/-HhSvJH8Bn74\/Xbwuw6qBJNI\/AAAAAAAAGRU\/uUGVMdFw5gQmCDfUyixQZIF18K5xtzrqACLcBGAsYHQ\/s1600\/RT%2B-%2B3.jpg\"><img decoding=\"async\" data-src=\"https:\/\/1.bp.blogspot.com\/-HhSvJH8Bn74\/Xbwuw6qBJNI\/AAAAAAAAGRU\/uUGVMdFw5gQmCDfUyixQZIF18K5xtzrqACLcBGAsYHQ\/s1600\/RT%2B-%2B3.jpg\" alt=\"\" src=\"data:image\/svg+xml;base64,PHN2ZyB3aWR0aD0iMSIgaGVpZ2h0PSIxIiB4bWxucz0iaHR0cDovL3d3dy53My5vcmcvMjAwMC9zdmciPjwvc3ZnPg==\" class=\"lazyload\" \/><\/a><\/figure>\n\n\n\n<p>Nos dois crimes o matador se mostrou frio e de acordo a pol\u00edcia ele foi contratado para matar as v\u00edtimas. Na opera\u00e7\u00e3o foram apreendidas duas espingardas e diversas muni\u00e7\u00f5es de v\u00e1rios calibres.&nbsp;\n\n<\/p>\n","protected":false},"excerpt":{"rendered":"<p>Na madrugada desta \u00faltima quinta-feira (31), policiais das delegacias de\u00a0Iguaracy-PE e\u00a0Campina Grande-PB, com o apoio de policias do Malhas da Lei da AIS-17 prenderam o&hellip; <\/p>\n","protected":false},"author":1,"featured_media":131954,"comment_status":"closed","ping_status":"closed","sticky":false,"template":"","format":"standard","meta":{"sfsi_plus_gutenberg_text_before_share":"","sfsi_plus_gutenberg_show_text_before_share":"","sfsi_plus_gutenberg_icon_type":"","sfsi_plus_gutenberg_icon_alignemt":"","sfsi_plus_gutenburg_max_per_row":"","footnotes":""},"categories":[50,12],"tags":[],"class_list":["post-131953","post","type-post","status-publish","format-standard","has-post-thumbnail","hentry","category-destaque","category-policia"],"_links":{"self":[{"href":"https:\/\/www.caririemacao.com\/1\/wp-json\/wp\/v2\/posts\/131953","targetHints":{"allow":["GET"]}}],"collection":[{"href":"https:\/\/www.caririemacao.com\/1\/wp-json\/wp\/v2\/posts"}],"about":[{"href":"https:\/\/www.caririemacao.com\/1\/wp-json\/wp\/v2\/types\/post"}],"author":[{"embeddable":true,"href":"https:\/\/www.caririemacao.com\/1\/wp-json\/wp\/v2\/users\/1"}],"replies":[{"embeddable":true,"href":"https:\/\/www.caririemacao.com\/1\/wp-json\/wp\/v2\/comments?post=131953"}],"version-history":[{"count":1,"href":"https:\/\/www.caririemacao.com\/1\/wp-json\/wp\/v2\/posts\/131953\/revisions"}],"predecessor-version":[{"id":131955,"href":"https:\/\/www.caririemacao.com\/1\/wp-json\/wp\/v2\/posts\/131953\/revisions\/131955"}],"wp:featuredmedia":[{"embeddable":true,"href":"https:\/\/www.caririemacao.com\/1\/wp-json\/wp\/v2\/media\/131954"}],"wp:attachment":[{"href":"https:\/\/www.caririemacao.com\/1\/wp-json\/wp\/v2\/media?parent=131953"}],"wp:term":[{"taxonomy":"category","embeddable":true,"href":"https:\/\/www.caririemacao.com\/1\/wp-json\/wp\/v2\/categories?post=131953"},{"taxonomy":"post_tag","embeddable":true,"href":"https:\/\/www.caririemacao.com\/1\/wp-json\/wp\/v2\/tags?post=131953"}],"curies":[{"name":"wp","href":"https:\/\/api.w.org\/{rel}","templated":true}]}}