{"id":131956,"date":"2019-11-01T12:01:55","date_gmt":"2019-11-01T15:01:55","guid":{"rendered":"http:\/\/www.caririemacao.com\/1\/?p=131956"},"modified":"2019-11-01T12:01:55","modified_gmt":"2019-11-01T15:01:55","slug":"delegado-afirma-que-pistoleiro-preso-em-taquaritinga-do-norte-tambem-e-autor-de-homicidio-na-zona-rural-de-jatauba","status":"publish","type":"post","link":"https:\/\/www.caririemacao.com\/1\/2019\/11\/01\/delegado-afirma-que-pistoleiro-preso-em-taquaritinga-do-norte-tambem-e-autor-de-homicidio-na-zona-rural-de-jatauba\/","title":{"rendered":"Delegado afirma que pistoleiro preso em Taquaritinga do Norte tamb\u00e9m \u00e9 autor de homic\u00eddio na zona rural de Jata\u00faba"},"content":{"rendered":"\n<p>Na tarde desta quinta-feira (31), o delegado da cidade de Jata\u00faba,\u00a0Dr. Jo\u00e3o Paulo\u00a0afirmou em entrevista que,\u00a0Roberv\u00e2nio de Lima Santos, vulgo \u201cFininho\/Para\u00edba\u201d, de 37 anos, \u00e9 o um dos autores do assassinado de\u00a0Jos\u00e9 Joci\u00ealio da Silva, vulgo\u00a0\u201cCi\u00ealio\u201d, de 33 anos de idade, morto a tiros na \u00faltima ter\u00e7a-feira (29) no S\u00edtio Lu\u00edza, na zona rural de Jata\u00faba, no Agreste do estado de Pernambuco.<br>De acordo com o delegado, o ex-presidi\u00e1rio \u201cCi\u00ealio\u201d estava colocando comida para um cachorro na propriedade que morava quando foi surpreendido com a chegada de \u201cRoberv\u00e2nio\u201d e outro elemento que; na ocasi\u00e3o pulou uma porteira e se aproximou da v\u00edtima atirando. Ainda segundo o delegado, testemunhas reconheceram \u201cFininho\u201d como sendo o autor do crime e possivelmente ele foi contratado por uma pessoa do munic\u00edpio para matar o ex-presidi\u00e1rio que era envolvido em alguns furtos na localidade que morava.<\/p>\n\n\n\n<p><strong>Confira o \u00e1udio da mat\u00e9ria com o delegado:&nbsp;<\/strong><\/p>\n\n\n\n<p><\/p>\n\n\n\n<figure><iframe height=\"166\" data-src=\"https:\/\/w.soundcloud.com\/player\/?url=https%3A\/\/api.soundcloud.com\/tracks\/706395421&amp;color=%23ff5500&amp;auto_play=false&amp;hide_related=false&amp;show_comments=true&amp;show_user=true&amp;show_reposts=false&amp;show_teaser=true\" width=\"100%\" src=\"data:image\/svg+xml;base64,PHN2ZyB3aWR0aD0iMSIgaGVpZ2h0PSIxIiB4bWxucz0iaHR0cDovL3d3dy53My5vcmcvMjAwMC9zdmciPjwvc3ZnPg==\" class=\"lazyload\" data-load-mode=\"1\"><\/iframe><\/figure>\n","protected":false},"excerpt":{"rendered":"<p>Na tarde desta quinta-feira (31), o delegado da cidade de Jata\u00faba,\u00a0Dr. Jo\u00e3o Paulo\u00a0afirmou em entrevista que,\u00a0Roberv\u00e2nio de Lima Santos, vulgo \u201cFininho\/Para\u00edba\u201d, de 37 anos, \u00e9&hellip; <\/p>\n","protected":false},"author":1,"featured_media":131957,"comment_status":"closed","ping_status":"closed","sticky":false,"template":"","format":"standard","meta":{"sfsi_plus_gutenberg_text_before_share":"","sfsi_plus_gutenberg_show_text_before_share":"","sfsi_plus_gutenberg_icon_type":"","sfsi_plus_gutenberg_icon_alignemt":"","sfsi_plus_gutenburg_max_per_row":"","footnotes":""},"categories":[12],"tags":[],"class_list":["post-131956","post","type-post","status-publish","format-standard","has-post-thumbnail","hentry","category-policia"],"_links":{"self":[{"href":"https:\/\/www.caririemacao.com\/1\/wp-json\/wp\/v2\/posts\/131956","targetHints":{"allow":["GET"]}}],"collection":[{"href":"https:\/\/www.caririemacao.com\/1\/wp-json\/wp\/v2\/posts"}],"about":[{"href":"https:\/\/www.caririemacao.com\/1\/wp-json\/wp\/v2\/types\/post"}],"author":[{"embeddable":true,"href":"https:\/\/www.caririemacao.com\/1\/wp-json\/wp\/v2\/users\/1"}],"replies":[{"embeddable":true,"href":"https:\/\/www.caririemacao.com\/1\/wp-json\/wp\/v2\/comments?post=131956"}],"version-history":[{"count":1,"href":"https:\/\/www.caririemacao.com\/1\/wp-json\/wp\/v2\/posts\/131956\/revisions"}],"predecessor-version":[{"id":131958,"href":"https:\/\/www.caririemacao.com\/1\/wp-json\/wp\/v2\/posts\/131956\/revisions\/131958"}],"wp:featuredmedia":[{"embeddable":true,"href":"https:\/\/www.caririemacao.com\/1\/wp-json\/wp\/v2\/media\/131957"}],"wp:attachment":[{"href":"https:\/\/www.caririemacao.com\/1\/wp-json\/wp\/v2\/media?parent=131956"}],"wp:term":[{"taxonomy":"category","embeddable":true,"href":"https:\/\/www.caririemacao.com\/1\/wp-json\/wp\/v2\/categories?post=131956"},{"taxonomy":"post_tag","embeddable":true,"href":"https:\/\/www.caririemacao.com\/1\/wp-json\/wp\/v2\/tags?post=131956"}],"curies":[{"name":"wp","href":"https:\/\/api.w.org\/{rel}","templated":true}]}}