{"id":131960,"date":"2019-11-01T12:02:56","date_gmt":"2019-11-01T15:02:56","guid":{"rendered":"http:\/\/www.caririemacao.com\/1\/?p=131960"},"modified":"2019-11-01T12:02:56","modified_gmt":"2019-11-01T15:02:56","slug":"ricardo-critica-fala-de-eduardo-bolsonaro-sobre-ai-5-e-lembra-que-deputado-jurou-seguir-a-constituicao-gostando-ou-nao","status":"publish","type":"post","link":"https:\/\/www.caririemacao.com\/1\/2019\/11\/01\/ricardo-critica-fala-de-eduardo-bolsonaro-sobre-ai-5-e-lembra-que-deputado-jurou-seguir-a-constituicao-gostando-ou-nao\/","title":{"rendered":"Ricardo critica fala de Eduardo Bolsonaro sobre AI-5 e lembra que deputado jurou seguir a Constitui\u00e7\u00e3o &#8216;gostando ou n\u00e3o&#8217;"},"content":{"rendered":"\n<p>Ap\u00f3s as declara\u00e7\u00f5es feitas pelo deputado federal Eduardo Bolsonaro, filho do presidente Jair Bolsonaro, o ex-governador da Para\u00edba, Ricardo Coutinho, teceu duras cr\u00edticas ao posicionamento. Ricardo, que \u00e9 atual presidente da Funda\u00e7\u00e3o Jo\u00e3o Mangabeira, v\u00ea com preocupa\u00e7\u00e3o a fala de Eduardo Bolsonaro, que comentou em entrevista sobre um \u201cnovo AI-5\u201d em caso de uma suposta radicaliza\u00e7\u00e3o da esquerda no Brasil. Na ocasi\u00e3o, o parlamentar comentava os protestos no Chile.<\/p>\n\n\n\n<p>\u201c\u00c9 muito grave a fala de Eduardo Bolsonaro sobre um novo AI-5 caso a \u2018esquerda radicalize\u2019. A declara\u00e7\u00e3o \u00e9 inaceit\u00e1vel porque fere a nossa democracia e amea\u00e7a o Congresso Nacional\u201d, declarou o ex-governador.<\/p>\n\n\n\n<p>Ricardo ainda lembrou que a fam\u00edlia Bolsonaro sempre demonstrou flertar com a Ditadura Militar, seja atrav\u00e9s de manifesta\u00e7\u00f5es favor\u00e1veis a a\u00e7\u00f5es como tortura ou a exalta\u00e7\u00e3o de figuras representativas desse per\u00edodo, como o coronel Brilhante Ustra, conhecido por colocar ratos nas vaginas de mulheres.<\/p>\n\n\n\n<p>Apesar das exalta\u00e7\u00f5es que foram feitas no passado, Ricardo apontou que Eduardo Bolsonaro jurou seguir a Constitui\u00e7\u00e3o Brasileira. \u201cN\u00e3o \u00e9 novidade que a fam\u00edlia Bolsonaro flerta com o autoritarismo e a ditadura, mas gostando ou n\u00e3o, o deputado jurou seguir a Constitui\u00e7\u00e3o\u201d, finalizou.<\/p>\n","protected":false},"excerpt":{"rendered":"<p>Ap\u00f3s as declara\u00e7\u00f5es feitas pelo deputado federal Eduardo Bolsonaro, filho do presidente Jair Bolsonaro, o ex-governador da Para\u00edba, Ricardo Coutinho, teceu duras cr\u00edticas ao posicionamento.&hellip; <\/p>\n","protected":false},"author":1,"featured_media":34880,"comment_status":"closed","ping_status":"closed","sticky":false,"template":"","format":"standard","meta":{"sfsi_plus_gutenberg_text_before_share":"","sfsi_plus_gutenberg_show_text_before_share":"","sfsi_plus_gutenberg_icon_type":"","sfsi_plus_gutenberg_icon_alignemt":"","sfsi_plus_gutenburg_max_per_row":"","footnotes":""},"categories":[11],"tags":[],"class_list":["post-131960","post","type-post","status-publish","format-standard","has-post-thumbnail","hentry","category-politica"],"_links":{"self":[{"href":"https:\/\/www.caririemacao.com\/1\/wp-json\/wp\/v2\/posts\/131960","targetHints":{"allow":["GET"]}}],"collection":[{"href":"https:\/\/www.caririemacao.com\/1\/wp-json\/wp\/v2\/posts"}],"about":[{"href":"https:\/\/www.caririemacao.com\/1\/wp-json\/wp\/v2\/types\/post"}],"author":[{"embeddable":true,"href":"https:\/\/www.caririemacao.com\/1\/wp-json\/wp\/v2\/users\/1"}],"replies":[{"embeddable":true,"href":"https:\/\/www.caririemacao.com\/1\/wp-json\/wp\/v2\/comments?post=131960"}],"version-history":[{"count":1,"href":"https:\/\/www.caririemacao.com\/1\/wp-json\/wp\/v2\/posts\/131960\/revisions"}],"predecessor-version":[{"id":131961,"href":"https:\/\/www.caririemacao.com\/1\/wp-json\/wp\/v2\/posts\/131960\/revisions\/131961"}],"wp:featuredmedia":[{"embeddable":true,"href":"https:\/\/www.caririemacao.com\/1\/wp-json\/wp\/v2\/media\/34880"}],"wp:attachment":[{"href":"https:\/\/www.caririemacao.com\/1\/wp-json\/wp\/v2\/media?parent=131960"}],"wp:term":[{"taxonomy":"category","embeddable":true,"href":"https:\/\/www.caririemacao.com\/1\/wp-json\/wp\/v2\/categories?post=131960"},{"taxonomy":"post_tag","embeddable":true,"href":"https:\/\/www.caririemacao.com\/1\/wp-json\/wp\/v2\/tags?post=131960"}],"curies":[{"name":"wp","href":"https:\/\/api.w.org\/{rel}","templated":true}]}}