{"id":131965,"date":"2019-11-01T12:10:28","date_gmt":"2019-11-01T15:10:28","guid":{"rendered":"http:\/\/www.caririemacao.com\/1\/?p=131965"},"modified":"2019-11-01T12:10:28","modified_gmt":"2019-11-01T15:10:28","slug":"bolsonaro-diz-que-nao-vai-a-posse-de-fernandez-e-nega-retaliacao-a-argentina","status":"publish","type":"post","link":"https:\/\/www.caririemacao.com\/1\/2019\/11\/01\/bolsonaro-diz-que-nao-vai-a-posse-de-fernandez-e-nega-retaliacao-a-argentina\/","title":{"rendered":"Bolsonaro diz que n\u00e3o vai \u00e0 posse de Fern\u00e1ndez e nega retalia\u00e7\u00e3o \u00e0 Argentina"},"content":{"rendered":"\n<p>(FOLHAPRESS) &#8211; O presidente Jair Bolsonaro (PSL) afirmou nesta sexta-feira (1\u00ba) que n\u00e3o ir\u00e1 \u00e0 posse de Alberto Fern\u00e1ndez, eleito presidente da Argentina no domingo (27), mas negou qualquer retalia\u00e7\u00e3o de seu governo ao pa\u00eds vizinho.<\/p>\n\n\n\n<p>&#8220;Torci pelo outro [Maur\u00edcio Macri], n\u00e9? J\u00e1 que [Fern\u00e1ndez] ganhou, vamos em frente. N\u00e3o tem qualquer retalia\u00e7\u00e3o da minha parte. Da minha parte n\u00e3o tem qualquer retalia\u00e7\u00e3o neste sentido, e espero que eles continuem fazendo uma pol\u00edtica conosco semelhante ao que o Macri fez at\u00e9 momento&#8221;, disse ao sair do Pal\u00e1cio da Alvorada.<\/p>\n\n\n\n<p>Questionado se iria \u00e0 posse de Fern\u00e1ndez, que assume o cargo no dia 10 de dezembro, Bolsonaro inicialmente hesitou, mas depois respondeu de forma contundente: &#8220;N\u00e3o vou&#8221;, arrancando aplausos de apoiadores que o esperavam na porta da resid\u00eancia oficial da Presid\u00eancia.<\/p>\n\n\n\n<p>O mandat\u00e1rio brasileiro ainda n\u00e3o cumprimentou o kirchnerista, diferentemente de outros l\u00edderes da regi\u00e3o, como o centro-direitista Sebasti\u00e1n Pi\u00f1era, do Chile, aliado a Bolsonaro.<\/p>\n\n\n\n<p>O presidente passou a falar de Argentina depois de dizer que a economia brasileira precisa se recuperar. &#8220;Olha a Argentina na situa\u00e7\u00e3o complicada em que se encontra. Nosso irm\u00e3o do sul. Pe\u00e7o a Deus que d\u00ea tudo certo l\u00e1.&#8221;<\/p>\n\n\n\n<p>Durante viagem ao Oriente M\u00e9dio, Bolsonaro disse que n\u00e3o cumprimentaria o candidato peronista, respons\u00e1vel por derrotar o mandat\u00e1rio atual, Maur\u00edcio Macri, em primeiro turno. Fern\u00e1ndez venceu tendo como sua vice a ex-presidente e senadora Cristina Kirchner.<\/p>\n\n\n\n<p>&#8220;N\u00e3o pretendo parabeniz\u00e1-lo. Agora n\u00e3o vamos nos indispor. Vamos esperar o tempo para ver qual a posi\u00e7\u00e3o real dele na pol\u00edtica. Porque ele vai assumir, vai tomar p\u00e9 do que est\u00e1 acontecendo, e vamos ver qual linha que ele vai adotar&#8221;, afirmou na segunda (28).<\/p>\n\n\n\n<p>A vit\u00f3ria da chapa peronista colocou em xeque a rela\u00e7\u00e3o entre Brasil e Argentina, em especial envolvendo o Mercosul.<\/p>\n\n\n\n<p>Em julho, Fern\u00e1ndez havia dito que reveria o acordo entre o bloco sul-americano e a Uni\u00e3o Europeia, caso o pacto representasse desindustrializa\u00e7\u00e3o para o pa\u00eds.<\/p>\n\n\n\n<p>Nos \u00faltimos dias, Bolsonaro descartou a possibilidade de o Brasil sair do Mercosul neste momento, mas criticou o argentino por ele ter manifestado seu apoio ao ex-presidente Lula.&nbsp;<\/p>\n\n\n\n<p>Na ter\u00e7a (29), Eduardo Bolsonaro, filho do presidente, fez uma provoca\u00e7\u00e3o a Estanislao Fern\u00e1ndez, filho do rec\u00e9m-eleito, ao compartilhar uma postagem que mostrava foto dele, posando com uma arma, e do argentino, que faz cosplay e se veste de drag queen, fantasiado como o protagonista do anim\u00ea Pok\u00e9mon.<\/p>\n\n\n\n<p>A mensagem dizia: &#8220;Filho do presidente da Argentina\/Filho do presidente do Brasil&#8221;. Eduardo acrescentou: &#8220;Obs: Isso n\u00e3o \u00e9 um meme&#8221;.<\/p>\n\n\n\n<p>Estanislao respondeu: &#8220;Irm\u00e3os brasileiros, estamos juntos nessa luta. Os amo&#8221;.&nbsp;<\/p>\n","protected":false},"excerpt":{"rendered":"<p>(FOLHAPRESS) &#8211; O presidente Jair Bolsonaro (PSL) afirmou nesta sexta-feira (1\u00ba) que n\u00e3o ir\u00e1 \u00e0 posse de Alberto Fern\u00e1ndez, eleito presidente da Argentina no domingo&hellip; <\/p>\n","protected":false},"author":1,"featured_media":131966,"comment_status":"closed","ping_status":"closed","sticky":false,"template":"","format":"standard","meta":{"sfsi_plus_gutenberg_text_before_share":"","sfsi_plus_gutenberg_show_text_before_share":"","sfsi_plus_gutenberg_icon_type":"","sfsi_plus_gutenberg_icon_alignemt":"","sfsi_plus_gutenburg_max_per_row":"","footnotes":""},"categories":[11],"tags":[],"class_list":["post-131965","post","type-post","status-publish","format-standard","has-post-thumbnail","hentry","category-politica"],"_links":{"self":[{"href":"https:\/\/www.caririemacao.com\/1\/wp-json\/wp\/v2\/posts\/131965","targetHints":{"allow":["GET"]}}],"collection":[{"href":"https:\/\/www.caririemacao.com\/1\/wp-json\/wp\/v2\/posts"}],"about":[{"href":"https:\/\/www.caririemacao.com\/1\/wp-json\/wp\/v2\/types\/post"}],"author":[{"embeddable":true,"href":"https:\/\/www.caririemacao.com\/1\/wp-json\/wp\/v2\/users\/1"}],"replies":[{"embeddable":true,"href":"https:\/\/www.caririemacao.com\/1\/wp-json\/wp\/v2\/comments?post=131965"}],"version-history":[{"count":1,"href":"https:\/\/www.caririemacao.com\/1\/wp-json\/wp\/v2\/posts\/131965\/revisions"}],"predecessor-version":[{"id":131967,"href":"https:\/\/www.caririemacao.com\/1\/wp-json\/wp\/v2\/posts\/131965\/revisions\/131967"}],"wp:featuredmedia":[{"embeddable":true,"href":"https:\/\/www.caririemacao.com\/1\/wp-json\/wp\/v2\/media\/131966"}],"wp:attachment":[{"href":"https:\/\/www.caririemacao.com\/1\/wp-json\/wp\/v2\/media?parent=131965"}],"wp:term":[{"taxonomy":"category","embeddable":true,"href":"https:\/\/www.caririemacao.com\/1\/wp-json\/wp\/v2\/categories?post=131965"},{"taxonomy":"post_tag","embeddable":true,"href":"https:\/\/www.caririemacao.com\/1\/wp-json\/wp\/v2\/tags?post=131965"}],"curies":[{"name":"wp","href":"https:\/\/api.w.org\/{rel}","templated":true}]}}