{"id":131969,"date":"2019-11-01T12:11:58","date_gmt":"2019-11-01T15:11:58","guid":{"rendered":"http:\/\/www.caririemacao.com\/1\/?p=131969"},"modified":"2019-11-01T12:11:58","modified_gmt":"2019-11-01T15:11:58","slug":"bandeira-vermelha-entra-em-vigor-e-contas-de-luz-ficam-mais-caras-a-partir-desta-sexta","status":"publish","type":"post","link":"https:\/\/www.caririemacao.com\/1\/2019\/11\/01\/bandeira-vermelha-entra-em-vigor-e-contas-de-luz-ficam-mais-caras-a-partir-desta-sexta\/","title":{"rendered":"Bandeira vermelha entra em vigor e contas de luz ficam mais caras a partir desta sexta"},"content":{"rendered":"\n<figure class=\"wp-block-image\"><img decoding=\"async\" data-src=\"https:\/\/thumbor.clickpb.com.br\/6fsKGngOmsf1fLCpDoBBYBRyRRY=\/876x585\/top\/smart\/www.clickpb.com.br\/media\/filer_public\/8f\/49\/8f497f62-4d7b-4b3e-ab85-b880d77fd924\/conta_de_energia_foto-walla_santos.jpg\" alt=\"\" src=\"data:image\/svg+xml;base64,PHN2ZyB3aWR0aD0iMSIgaGVpZ2h0PSIxIiB4bWxucz0iaHR0cDovL3d3dy53My5vcmcvMjAwMC9zdmciPjwvc3ZnPg==\" class=\"lazyload\" \/><figcaption>Em novembro, a tarifa entra na bandeira vermelha patamar um. (Foto: Walla Santos)<\/figcaption><\/figure>\n\n\n\n<p>A partir desta sexta (1\u00ba), entra em vigor a bandeira tarif\u00e1ria vermelha patamar um. E com ela, um custo extra nas contas de luz dos brasileiros.<\/p>\n\n\n\n<p>O per\u00edodo historicamente chuvoso voltou, mas a mudan\u00e7a na tarifa de energia est\u00e1 ligada a previs\u00e3o de chuvas abaixo da m\u00e9dia e a seca dos meses anteriores.<\/p>\n\n\n\n<p>\u201cA gente precisa de tr\u00eas meses de chuva boa pra gente conseguir uma redu\u00e7\u00e3o de pre\u00e7o da energia el\u00e9trica\u201d, diz Giordano Matos, gerente de tarifas da Cemig.<\/p>\n\n\n\n<p>Em novembro, a tarifa entra na bandeira vermelha patamar um. A seca reduziu os n\u00edveis dos reservat\u00f3rios das usinas hidrel\u00e9tricas.<\/p>\n","protected":false},"excerpt":{"rendered":"<p>A partir desta sexta (1\u00ba), entra em vigor a bandeira tarif\u00e1ria vermelha patamar um. E com ela, um custo extra nas contas de luz dos&hellip; <\/p>\n","protected":false},"author":1,"featured_media":96416,"comment_status":"closed","ping_status":"closed","sticky":false,"template":"","format":"standard","meta":{"sfsi_plus_gutenberg_text_before_share":"","sfsi_plus_gutenberg_show_text_before_share":"","sfsi_plus_gutenberg_icon_type":"","sfsi_plus_gutenberg_icon_alignemt":"","sfsi_plus_gutenburg_max_per_row":"","footnotes":""},"categories":[2],"tags":[],"class_list":["post-131969","post","type-post","status-publish","format-standard","has-post-thumbnail","hentry","category-geral"],"_links":{"self":[{"href":"https:\/\/www.caririemacao.com\/1\/wp-json\/wp\/v2\/posts\/131969","targetHints":{"allow":["GET"]}}],"collection":[{"href":"https:\/\/www.caririemacao.com\/1\/wp-json\/wp\/v2\/posts"}],"about":[{"href":"https:\/\/www.caririemacao.com\/1\/wp-json\/wp\/v2\/types\/post"}],"author":[{"embeddable":true,"href":"https:\/\/www.caririemacao.com\/1\/wp-json\/wp\/v2\/users\/1"}],"replies":[{"embeddable":true,"href":"https:\/\/www.caririemacao.com\/1\/wp-json\/wp\/v2\/comments?post=131969"}],"version-history":[{"count":1,"href":"https:\/\/www.caririemacao.com\/1\/wp-json\/wp\/v2\/posts\/131969\/revisions"}],"predecessor-version":[{"id":131970,"href":"https:\/\/www.caririemacao.com\/1\/wp-json\/wp\/v2\/posts\/131969\/revisions\/131970"}],"wp:featuredmedia":[{"embeddable":true,"href":"https:\/\/www.caririemacao.com\/1\/wp-json\/wp\/v2\/media\/96416"}],"wp:attachment":[{"href":"https:\/\/www.caririemacao.com\/1\/wp-json\/wp\/v2\/media?parent=131969"}],"wp:term":[{"taxonomy":"category","embeddable":true,"href":"https:\/\/www.caririemacao.com\/1\/wp-json\/wp\/v2\/categories?post=131969"},{"taxonomy":"post_tag","embeddable":true,"href":"https:\/\/www.caririemacao.com\/1\/wp-json\/wp\/v2\/tags?post=131969"}],"curies":[{"name":"wp","href":"https:\/\/api.w.org\/{rel}","templated":true}]}}