{"id":131978,"date":"2019-11-01T18:38:56","date_gmt":"2019-11-01T21:38:56","guid":{"rendered":"http:\/\/www.caririemacao.com\/1\/?p=131978"},"modified":"2019-11-01T18:38:56","modified_gmt":"2019-11-01T21:38:56","slug":"conselho-do-orcamento-democratico-do-municipio-de-sume-realiza-reuniao-e-inicia-debate-da-loa-2020","status":"publish","type":"post","link":"https:\/\/www.caririemacao.com\/1\/2019\/11\/01\/conselho-do-orcamento-democratico-do-municipio-de-sume-realiza-reuniao-e-inicia-debate-da-loa-2020\/","title":{"rendered":"Conselho do Or\u00e7amento Democr\u00e1tico do Munic\u00edpio de Sum\u00e9 realiza reuni\u00e3o e inicia debate da LOA 2020"},"content":{"rendered":"\n<p>A reuni\u00e3o com os conselheiros ocorreu no plen\u00e1rio da C\u00e2mara de Vereadores de Sum\u00e9, nessa quinta-feira (31\/10).  <\/p>\n\n\n\n<p>De acordo com o coordenador do ODM, Marivaldo Alc\u00e2ntara, essa j\u00e1 \u00e9 a segunda reuni\u00e3o realizada pelos conselheiros eleitos ap\u00f3s a implanta\u00e7\u00e3o do Or\u00e7amento Democr\u00e1tico no munic\u00edpio.<\/p>\n\n\n\n<p>Al\u00e9m da discuss\u00e3o da LOA, a reuni\u00e3o \u00e9 uma oportunidade tamb\u00e9m parar alinhar processos e tra\u00e7ar diretrizes sobre a atua\u00e7\u00e3o dos conselheiros. <\/p>\n\n\n\n<p>Na ocasi\u00e3o houve a escolha de tr\u00eas membros para representar o ODM na C\u00e2mara de Vereadores e tr\u00eas para cada Comiss\u00e3o Setorial.<\/p>\n","protected":false},"excerpt":{"rendered":"<p>A reuni\u00e3o com os conselheiros ocorreu no plen\u00e1rio da C\u00e2mara de Vereadores de Sum\u00e9, nessa quinta-feira (31\/10). De acordo com o coordenador do ODM, Marivaldo&hellip; <\/p>\n","protected":false},"author":1,"featured_media":131981,"comment_status":"closed","ping_status":"closed","sticky":false,"template":"","format":"standard","meta":{"sfsi_plus_gutenberg_text_before_share":"","sfsi_plus_gutenberg_show_text_before_share":"","sfsi_plus_gutenberg_icon_type":"","sfsi_plus_gutenberg_icon_alignemt":"","sfsi_plus_gutenburg_max_per_row":"","footnotes":""},"categories":[6,50],"tags":[],"class_list":["post-131978","post","type-post","status-publish","format-standard","has-post-thumbnail","hentry","category-cidades","category-destaque"],"_links":{"self":[{"href":"https:\/\/www.caririemacao.com\/1\/wp-json\/wp\/v2\/posts\/131978","targetHints":{"allow":["GET"]}}],"collection":[{"href":"https:\/\/www.caririemacao.com\/1\/wp-json\/wp\/v2\/posts"}],"about":[{"href":"https:\/\/www.caririemacao.com\/1\/wp-json\/wp\/v2\/types\/post"}],"author":[{"embeddable":true,"href":"https:\/\/www.caririemacao.com\/1\/wp-json\/wp\/v2\/users\/1"}],"replies":[{"embeddable":true,"href":"https:\/\/www.caririemacao.com\/1\/wp-json\/wp\/v2\/comments?post=131978"}],"version-history":[{"count":1,"href":"https:\/\/www.caririemacao.com\/1\/wp-json\/wp\/v2\/posts\/131978\/revisions"}],"predecessor-version":[{"id":132025,"href":"https:\/\/www.caririemacao.com\/1\/wp-json\/wp\/v2\/posts\/131978\/revisions\/132025"}],"wp:featuredmedia":[{"embeddable":true,"href":"https:\/\/www.caririemacao.com\/1\/wp-json\/wp\/v2\/media\/131981"}],"wp:attachment":[{"href":"https:\/\/www.caririemacao.com\/1\/wp-json\/wp\/v2\/media?parent=131978"}],"wp:term":[{"taxonomy":"category","embeddable":true,"href":"https:\/\/www.caririemacao.com\/1\/wp-json\/wp\/v2\/categories?post=131978"},{"taxonomy":"post_tag","embeddable":true,"href":"https:\/\/www.caririemacao.com\/1\/wp-json\/wp\/v2\/tags?post=131978"}],"curies":[{"name":"wp","href":"https:\/\/api.w.org\/{rel}","templated":true}]}}