{"id":131994,"date":"2019-11-01T14:22:31","date_gmt":"2019-11-01T17:22:31","guid":{"rendered":"http:\/\/www.caririemacao.com\/1\/?p=131994"},"modified":"2019-11-01T14:22:31","modified_gmt":"2019-11-01T17:22:31","slug":"situacao-nas-universidades-federais-vai-melhorar-diz-ministro","status":"publish","type":"post","link":"https:\/\/www.caririemacao.com\/1\/2019\/11\/01\/situacao-nas-universidades-federais-vai-melhorar-diz-ministro\/","title":{"rendered":"Situa\u00e7\u00e3o nas universidades federais vai melhorar, diz ministro"},"content":{"rendered":"\n<p>\u00c0s v\u00e9speras do Exame Nacional do Ensino M\u00e9dio (Enem), que ser\u00e1 aplicado nos pr\u00f3ximos domingos, 3 e 10 de novembro, o ministro da Educa\u00e7\u00e3o, Abraham Weintraub, diz que n\u00e3o prev\u00ea novos bloqueios de verba e que est\u00e1 otimista com o futuro das universidades federais do Brasil. \u201cA situa\u00e7\u00e3o nas universidades federais vai melhorar muito nos pr\u00f3ximos anos\u201d, afirmou no&nbsp;<em>Programa Revista Brasil<\/em>, da&nbsp;<strong>Empresa Brasil de Comunica\u00e7\u00e3o (EBC)<\/strong>.O Enem \u00e9 uma das principais portas de entrada para o ensino superior no Brasil. Atualmente, todas as universidades federais, que s\u00e3o p\u00fablicas e gratuitas, utilizam o&nbsp;<a href=\"http:\/\/agenciabrasil.ebc.com.br\/educacao\/noticia\/2019-10\/enem-e-um-dos-principais-intrumentos-de-acesso-ao-ensino-superior\">Enem<\/a>&nbsp;como forma de ingresso, seja exclusiva, seja associada a processos seletivos pr\u00f3prios.\u201cPara o ano que vem, o or\u00e7amento das universidades est\u00e1 mantido. Integralmente mantido\u201d, afirmou, Weintraub. Neste ano, as institui\u00e7\u00f5es de ensino federais tiveram, no total, um bloqueio de R$ 2,4 bilh\u00f5es do or\u00e7amento pr\u00f3prio, o que representa, em m\u00e9dia, 30% dos recursos discricion\u00e1rios. Esses recursos cobrem despesas de custeio como gastos com \u00e1gua, energia el\u00e9trica, aquisi\u00e7\u00e3o de materiais de consumo e outras presta\u00e7\u00f5es de servi\u00e7o.Os&nbsp;<a href=\"http:\/\/agenciabrasil.ebc.com.br\/educacao\/noticia\/2019-10\/mec-remaneja-recursos-proprios-para-recompor-orcamento-das-federais\">recursos<\/a>&nbsp;foram desbloqueados neste segundo semestre. Este m\u00eas foi feita a \u00faltima libera\u00e7\u00e3o e o or\u00e7amento foi totalmente recomposto. \u201cA lei \u00e9 uma lei correta, obriga que se segure a despesa enquanto a receita n\u00e3o vem. N\u00e3o se pode gastar por conta, como numa fam\u00edlia\u201d, avalia o ministro.O or\u00e7amento para o ano que vem est\u00e1 ainda sendo discutido pelo Congresso Nacional. O planejamento consta do Projeto de Lei 22\/2019, o Projeto de Lei Or\u00e7ament\u00e1ria Anual (PLOA) para 2020. A&nbsp;<a href=\"https:\/\/www.camara.leg.br\/internet\/comissao\/index\/mista\/orca\/orcamento\/OR2020\/proposta\/5_VolumeV.pdf\">C\u00e2mara dos Deputados<\/a>&nbsp;disponibilizou um comparativo entre os or\u00e7amentos de 2019 e a previs\u00e3o inicial para 2020, antes da aprova\u00e7\u00e3o de emendas.O MEC aposta tamb\u00e9m no Future-se para ajudar a compor o or\u00e7amento das federais. Apresentado pelo MEC em julho, o&nbsp;<a href=\"http:\/\/agenciabrasil.ebc.com.br\/educacao\/noticia\/2019-07\/mec-quer-criar-fundo-para-financiar-universidades-federais\">Future-se<\/a>, entre outras estrat\u00e9gias, cria um fundo para financiar as universidades federais. A inten\u00e7\u00e3o \u00e9 atrair tamb\u00e9m recursos privados, facilitar processos licitat\u00f3rios e, com isso, financiar pesquisa, inova\u00e7\u00e3o, empreendedorismo e internacionaliza\u00e7\u00e3o nas institui\u00e7\u00f5es de ensino. Trata-se de um recurso extra. As universidades seguir\u00e3o, segundo a pasta, contando com o or\u00e7amento p\u00fablico.Segundo o MEC, 15 das 68 universidades federais manifestaram interesse em aderir ao Future-se, que ainda precisa ser analisado e aprovado pelo Congresso Federal. \u201cA gente deve ter ades\u00e3o que eu calculo de 50% das universidades e institutos ao Future-se\u201d, estima Weintraub.<br>Enem 2019O ministro tamb\u00e9m destacou na entrevista que o exame est\u00e1 pronto para ser aplicado nos pr\u00f3ximos finais de semana. E lembrou os estudantes: \u201c<a href=\"http:\/\/agenciabrasil.ebc.com.br\/educacao\/noticia\/2019-11\/confira-o-que-pode-e-o-que-nao-pode-no-enem\">Caneta preta<\/a>!\u201d. A \u00fanica caneta aceita para marca\u00e7\u00e3o das respostas no exame \u00e9 a caneta esferogr\u00e1fica de tinta preta fabricada em material transparente.Cerca de 5,1 milh\u00f5es de candidatos est\u00e3o inscritos para o Enem 2019. A prova \u00e9 requisito para participar de programas como o Sistema de Sele\u00e7\u00e3o Unificada, que oferece vagas em institui\u00e7\u00f5es p\u00fablicas de ensino superior, o Programa Universidade para Todos, que oferece bolsas em institui\u00e7\u00f5es privadas de ensino superior, e o Fundo de Financiamento Estudantil.<\/p>\n","protected":false},"excerpt":{"rendered":"<p>\u00c0s v\u00e9speras do Exame Nacional do Ensino M\u00e9dio (Enem), que ser\u00e1 aplicado nos pr\u00f3ximos domingos, 3 e 10 de novembro, o ministro da Educa\u00e7\u00e3o, Abraham&hellip; <\/p>\n","protected":false},"author":1,"featured_media":127246,"comment_status":"closed","ping_status":"closed","sticky":false,"template":"","format":"standard","meta":{"sfsi_plus_gutenberg_text_before_share":"","sfsi_plus_gutenberg_show_text_before_share":"","sfsi_plus_gutenberg_icon_type":"","sfsi_plus_gutenberg_icon_alignemt":"","sfsi_plus_gutenburg_max_per_row":"","footnotes":""},"categories":[14],"tags":[],"class_list":["post-131994","post","type-post","status-publish","format-standard","has-post-thumbnail","hentry","category-educacao"],"_links":{"self":[{"href":"https:\/\/www.caririemacao.com\/1\/wp-json\/wp\/v2\/posts\/131994","targetHints":{"allow":["GET"]}}],"collection":[{"href":"https:\/\/www.caririemacao.com\/1\/wp-json\/wp\/v2\/posts"}],"about":[{"href":"https:\/\/www.caririemacao.com\/1\/wp-json\/wp\/v2\/types\/post"}],"author":[{"embeddable":true,"href":"https:\/\/www.caririemacao.com\/1\/wp-json\/wp\/v2\/users\/1"}],"replies":[{"embeddable":true,"href":"https:\/\/www.caririemacao.com\/1\/wp-json\/wp\/v2\/comments?post=131994"}],"version-history":[{"count":1,"href":"https:\/\/www.caririemacao.com\/1\/wp-json\/wp\/v2\/posts\/131994\/revisions"}],"predecessor-version":[{"id":131996,"href":"https:\/\/www.caririemacao.com\/1\/wp-json\/wp\/v2\/posts\/131994\/revisions\/131996"}],"wp:featuredmedia":[{"embeddable":true,"href":"https:\/\/www.caririemacao.com\/1\/wp-json\/wp\/v2\/media\/127246"}],"wp:attachment":[{"href":"https:\/\/www.caririemacao.com\/1\/wp-json\/wp\/v2\/media?parent=131994"}],"wp:term":[{"taxonomy":"category","embeddable":true,"href":"https:\/\/www.caririemacao.com\/1\/wp-json\/wp\/v2\/categories?post=131994"},{"taxonomy":"post_tag","embeddable":true,"href":"https:\/\/www.caririemacao.com\/1\/wp-json\/wp\/v2\/tags?post=131994"}],"curies":[{"name":"wp","href":"https:\/\/api.w.org\/{rel}","templated":true}]}}