{"id":132003,"date":"2019-11-01T14:25:25","date_gmt":"2019-11-01T17:25:25","guid":{"rendered":"http:\/\/www.caririemacao.com\/1\/?p=132003"},"modified":"2019-11-01T14:25:25","modified_gmt":"2019-11-01T17:25:25","slug":"contagem-regressiva-para-o-enem-auloes-revisam-conteudos-e-divertem","status":"publish","type":"post","link":"https:\/\/www.caririemacao.com\/1\/2019\/11\/01\/contagem-regressiva-para-o-enem-auloes-revisam-conteudos-e-divertem\/","title":{"rendered":"Contagem regressiva para o Enem: aul\u00f5es revisam conte\u00fados e divertem"},"content":{"rendered":"\n<p>Na contagem regressiva para o Exame Nacional do Ensino M\u00e9dio (Enem), que ser\u00e1 aplicado nos dois pr\u00f3ximos domingos, 3 e 10 de novembro, estudantes recorrem a aul\u00f5es para revisar os principais conte\u00fados e tamb\u00e9m para se divertir. Na regi\u00e3o central de Bras\u00edlia, no Museu Nacional da Rep\u00fablica, cerca de 700 estudantes de escolas p\u00fablicas e particulares do Distrito Federal participaram hoje (1\u00ba) de aul\u00e3o gratuito ministrado por professores de col\u00e9gios da Rede Marista.&nbsp;<\/p>\n\n\n\n<p>\u201cO nosso objetivo \u00e9 basicamente 2: primeiro, promover um momento de descontra\u00e7\u00e3o para que nossos estudantes possam poder dar uma relaxada maior e, segundo, revisar alguns conte\u00fados pontuais\u201d, disse o professor de reda\u00e7\u00e3o do Col\u00e9gio Marista Jo\u00e3o Paulo II Gabriel Remington, que estava vestido de Quico, personagem da s\u00e9rie de TV Chaves. Outras fantasias, como de personagens do grupo de Super Her\u00f3is Vingadores, tamb\u00e9m fizeram parte da programa\u00e7\u00e3o das aulas.&nbsp;<\/p>\n\n\n\n<figure class=\"wp-block-image\"><img decoding=\"async\" data-src=\"http:\/\/imagens.ebc.com.br\/BaKRE7RIXpk_Hu2hgRZLPNAhr5o=\/754x0\/smart\/http:\/\/agenciabrasil.ebc.com.br\/sites\/default\/files\/thumbnails\/image\/mcmgo_abr_011120196275.jpg?itok=qMPtLgu9\" alt=\" Estudantes das redes p\u00fablica e privada do DF participam de aul\u00e3o preparat\u00f3rio de revis\u00e3o de conte\u00fado para o Exame Nacional do Ensino M\u00e9dio (Enem), no audit\u00f3rio do Museu Nacional de Bras\u00edlia. \" src=\"data:image\/svg+xml;base64,PHN2ZyB3aWR0aD0iMSIgaGVpZ2h0PSIxIiB4bWxucz0iaHR0cDovL3d3dy53My5vcmcvMjAwMC9zdmciPjwvc3ZnPg==\" class=\"lazyload\" \/><\/figure>\n\n\n\n<p>Vestidos como super herois, professores revisam conte\u00fados com candidatos ao Enem &#8211;&nbsp;<strong>Marcelo Camargo\/Ag\u00eancia Brasil<\/strong><br><\/p>\n\n\n\n<p>\u201cQuando o estudante est\u00e1 muito ansioso, quando fica muito nervoso, ocorre o famoso &#8216;deu branco&#8217;. Esse momento agora \u00e9 para sair um pouco da sala de aula, descontrair\u201d, complementou, vestido de Nhonho, outro personagem de Chaves, o professor de matem\u00e1tica da mesma escola Leonardo Sim\u00f5es.&nbsp;<\/p>\n\n\n\n<p>Segundo Sim\u00f5es, a revis\u00e3o abarca conte\u00fados que s\u00e3o mais frequentes no Enem. Na matem\u00e1tica, por exemplo, geometria espacial e estat\u00edstica s\u00e3o as duas principais \u00eanfases. As provas de matem\u00e1tica e de ci\u00eancias da natureza ser\u00e3o aplicadas no pr\u00f3ximo domingo (10).&nbsp;<\/p>\n\n\n\n<p>Para a prova de reda\u00e7\u00e3o, que ser\u00e1 aplicada neste domingo (3), junto com as provas de linguagens e ci\u00eancias humanas, Remington ainda d\u00e1 tempo de estudar, ressaltou o professor. \u201cAinda d\u00e1 para estudar alguns temas mais recorrentes, principalmente nas \u00e1reas de educa\u00e7\u00e3o, sa\u00fade e meio ambiente, que t\u00eam sido as apostas de muitos professores Brasil afora. Ainda d\u00e1 para se apropriar de informa\u00e7\u00f5es sobre essas \u00e1reas, ainda \u00e9 poss\u00edvel se apropriar de informa\u00e7\u00f5es de outras \u00e1reas de conhecimento que podem servir como base para a argumenta\u00e7\u00e3o do texto.\u201d&nbsp;<\/p>\n\n\n\n<p>Os planos do estudante do 3\u00ba ano do Marist\u00e3o Matheus Tavares, no entanto, n\u00e3o envolvem mais muitos estudos. \u201cSendo bem sincero hoje \u00e0 tarde e amanh\u00e3, n\u00e3o pretendo fazer nada relacionado a conte\u00fado. O que tinha que ser feito, j\u00e1 foi feito. Agora \u00e9 s\u00f3 relaxar a cabe\u00e7a para fazer uma prova tranquila\u201d, afirmou.&nbsp;<\/p>\n\n\n\n<p>Para Matheus, o desafio ser\u00e1 conseguir responder a prova no tempo estipulado: 5 horas e meia no primeiro dia de exame e 5 horas, no segundo. \u201cNos dois \u00faltimos anos que eu fiz [o Enem como treineiro], eu tive que chutar algumas quest\u00f5es no final da prova porque n\u00e3o deu tempo de ler. Para este ano, a estrat\u00e9gia que desenvolvi foi come\u00e7ar pelo [conte\u00fado] [em} que eu sou mais forte e n\u00e3o ficar apegado a quest\u00f5es dif\u00edceis. Quando ler uma [quest\u00e3o] dif\u00edcil, vou pular e, se der tempo, no final, volto a ela.\u201d<\/p>\n\n\n\n<p>Relaxar tamb\u00e9m \u00e9 o objetivo do estudante do 3\u00ba ano do Centro de Ensino M\u00e9dio 304 de Samambaia Gutierrez Silva. \u201cO meu desafio ser\u00e1 me manter calmo, porque o nervosismo me atrapalha muito. Tira a concentra\u00e7\u00e3o da prova\u201d, diz o estudante, que far\u00e1 a prova do Enem pela primeira vez. \u201cEstudei muito at\u00e9 aqui. Agora estou procurando um pouco de divers\u00e3o tamb\u00e9m.\u201d<\/p>\n\n\n\n<p>Diferentemente de Matheus, Gutierrez n\u00e3o vai largar os livros amanh\u00e3 (2). \u201cVou continuar estudando e me concentrar.\u201d<\/p>\n\n\n\n<p>Cerca de 5,1 milh\u00f5es de estudantes est\u00e3o inscritos no Enem 2019. A nota obtida nas provas pode ser usada para o estudante concorrer a uma vaga em institui\u00e7\u00f5es p\u00fablicas de ensino superior, pelo Sistema de Sele\u00e7\u00e3o Unificada (Sisu), a bolsas de estudo pelo Programa Universidade para Todos (ProUni) e a financiamento pelo Fundo de Financiamento Estudantil (Fies).<\/p>\n","protected":false},"excerpt":{"rendered":"<p>Na contagem regressiva para o Exame Nacional do Ensino M\u00e9dio (Enem), que ser\u00e1 aplicado nos dois pr\u00f3ximos domingos, 3 e 10 de novembro, estudantes recorrem&hellip; <\/p>\n","protected":false},"author":1,"featured_media":132004,"comment_status":"closed","ping_status":"closed","sticky":false,"template":"","format":"standard","meta":{"sfsi_plus_gutenberg_text_before_share":"","sfsi_plus_gutenberg_show_text_before_share":"","sfsi_plus_gutenberg_icon_type":"","sfsi_plus_gutenberg_icon_alignemt":"","sfsi_plus_gutenburg_max_per_row":"","footnotes":""},"categories":[2],"tags":[],"class_list":["post-132003","post","type-post","status-publish","format-standard","has-post-thumbnail","hentry","category-geral"],"_links":{"self":[{"href":"https:\/\/www.caririemacao.com\/1\/wp-json\/wp\/v2\/posts\/132003","targetHints":{"allow":["GET"]}}],"collection":[{"href":"https:\/\/www.caririemacao.com\/1\/wp-json\/wp\/v2\/posts"}],"about":[{"href":"https:\/\/www.caririemacao.com\/1\/wp-json\/wp\/v2\/types\/post"}],"author":[{"embeddable":true,"href":"https:\/\/www.caririemacao.com\/1\/wp-json\/wp\/v2\/users\/1"}],"replies":[{"embeddable":true,"href":"https:\/\/www.caririemacao.com\/1\/wp-json\/wp\/v2\/comments?post=132003"}],"version-history":[{"count":1,"href":"https:\/\/www.caririemacao.com\/1\/wp-json\/wp\/v2\/posts\/132003\/revisions"}],"predecessor-version":[{"id":132005,"href":"https:\/\/www.caririemacao.com\/1\/wp-json\/wp\/v2\/posts\/132003\/revisions\/132005"}],"wp:featuredmedia":[{"embeddable":true,"href":"https:\/\/www.caririemacao.com\/1\/wp-json\/wp\/v2\/media\/132004"}],"wp:attachment":[{"href":"https:\/\/www.caririemacao.com\/1\/wp-json\/wp\/v2\/media?parent=132003"}],"wp:term":[{"taxonomy":"category","embeddable":true,"href":"https:\/\/www.caririemacao.com\/1\/wp-json\/wp\/v2\/categories?post=132003"},{"taxonomy":"post_tag","embeddable":true,"href":"https:\/\/www.caririemacao.com\/1\/wp-json\/wp\/v2\/tags?post=132003"}],"curies":[{"name":"wp","href":"https:\/\/api.w.org\/{rel}","templated":true}]}}