{"id":132029,"date":"2019-11-02T07:03:57","date_gmt":"2019-11-02T10:03:57","guid":{"rendered":"http:\/\/www.caririemacao.com\/1\/?p=132029"},"modified":"2019-11-02T07:03:57","modified_gmt":"2019-11-02T10:03:57","slug":"uepb-oferece-atendimento-gratuito-para-pessoas-com-problemas-de-pele","status":"publish","type":"post","link":"https:\/\/www.caririemacao.com\/1\/2019\/11\/02\/uepb-oferece-atendimento-gratuito-para-pessoas-com-problemas-de-pele\/","title":{"rendered":"UEPB oferece atendimento gratuito para pessoas com problemas de pele"},"content":{"rendered":"\n<p>A Cl\u00ednica Escola de Fisioterapia da Universidade Estadual da Para\u00edba (UEPB) est\u00e1 com inscri\u00e7\u00f5es abertas para atendimento dermatofuncional da popula\u00e7\u00e3o em geral e comunidade acad\u00eamica.&nbsp;<\/p>\n\n\n\n<p>O p\u00fablico-alvo s\u00e3o pessoas que tenham disfun\u00e7\u00f5es como gordura localizada (sobrepeso, mas n\u00e3o obesas), celulite, linfedema, pele fl\u00e1cida, feridas com dificuldade de cicatriza\u00e7\u00e3o, acne (com sinais inflamat\u00f3rios) e pele com ader\u00eancias\/retra\u00e7\u00f5es devido a procedimentos cir\u00fargicos ou queimaduras.<\/p>\n\n\n\n<p>Os atendimentos ser\u00e3o realizados at\u00e9 o m\u00eas de dezembro, nas quartas e sextas-feiras, das 7h30 \u00e0s 10h30, na Cl\u00ednica Escola, localizada no C\u00e2mpus de Bodocong\u00f3, em Campina Grande.&nbsp;<\/p>\n\n\n\n<p>Os interessados devem preencher formul\u00e1rio on-line (https:\/\/goo.gl\/forms\/o2Umdsxut8TQ2HV23) e, em seguida, enviar uma foto da regi\u00e3o que precisa de tratamento para o e-mail do professor Ciro Franco de Medeiros Neto (cirofranco2@gmail.com), que coordena a atividade.<\/p>\n\n\n\n<p>Mais informa\u00e7\u00f5es sobre este servi\u00e7o da Cl\u00ednica Escola podem ser obtidas no blog:&nbsp;<a href=\"https:\/\/fisioterapiauepb.blogspot.com\/\">https:\/\/fisioterapiauepb.blogs&#8230;<\/a>&nbsp;ou pelo telefone (83) 3315-3346.<\/p>\n","protected":false},"excerpt":{"rendered":"<p>A Cl\u00ednica Escola de Fisioterapia da Universidade Estadual da Para\u00edba (UEPB) est\u00e1 com inscri\u00e7\u00f5es abertas para atendimento dermatofuncional da popula\u00e7\u00e3o em geral e comunidade acad\u00eamica.&nbsp;&hellip; <\/p>\n","protected":false},"author":1,"featured_media":99725,"comment_status":"closed","ping_status":"closed","sticky":false,"template":"","format":"standard","meta":{"sfsi_plus_gutenberg_text_before_share":"","sfsi_plus_gutenberg_show_text_before_share":"","sfsi_plus_gutenberg_icon_type":"","sfsi_plus_gutenberg_icon_alignemt":"","sfsi_plus_gutenburg_max_per_row":"","footnotes":""},"categories":[2],"tags":[],"class_list":["post-132029","post","type-post","status-publish","format-standard","has-post-thumbnail","hentry","category-geral"],"_links":{"self":[{"href":"https:\/\/www.caririemacao.com\/1\/wp-json\/wp\/v2\/posts\/132029","targetHints":{"allow":["GET"]}}],"collection":[{"href":"https:\/\/www.caririemacao.com\/1\/wp-json\/wp\/v2\/posts"}],"about":[{"href":"https:\/\/www.caririemacao.com\/1\/wp-json\/wp\/v2\/types\/post"}],"author":[{"embeddable":true,"href":"https:\/\/www.caririemacao.com\/1\/wp-json\/wp\/v2\/users\/1"}],"replies":[{"embeddable":true,"href":"https:\/\/www.caririemacao.com\/1\/wp-json\/wp\/v2\/comments?post=132029"}],"version-history":[{"count":1,"href":"https:\/\/www.caririemacao.com\/1\/wp-json\/wp\/v2\/posts\/132029\/revisions"}],"predecessor-version":[{"id":132031,"href":"https:\/\/www.caririemacao.com\/1\/wp-json\/wp\/v2\/posts\/132029\/revisions\/132031"}],"wp:featuredmedia":[{"embeddable":true,"href":"https:\/\/www.caririemacao.com\/1\/wp-json\/wp\/v2\/media\/99725"}],"wp:attachment":[{"href":"https:\/\/www.caririemacao.com\/1\/wp-json\/wp\/v2\/media?parent=132029"}],"wp:term":[{"taxonomy":"category","embeddable":true,"href":"https:\/\/www.caririemacao.com\/1\/wp-json\/wp\/v2\/categories?post=132029"},{"taxonomy":"post_tag","embeddable":true,"href":"https:\/\/www.caririemacao.com\/1\/wp-json\/wp\/v2\/tags?post=132029"}],"curies":[{"name":"wp","href":"https:\/\/api.w.org\/{rel}","templated":true}]}}