{"id":132049,"date":"2019-11-02T07:13:00","date_gmt":"2019-11-02T10:13:00","guid":{"rendered":"http:\/\/www.caririemacao.com\/1\/?p=132049"},"modified":"2019-11-02T07:13:00","modified_gmt":"2019-11-02T10:13:00","slug":"homem-que-teve-corpo-queimado-morre-dez-dias-apos-internacao-no-trauma-de-campina-grande","status":"publish","type":"post","link":"https:\/\/www.caririemacao.com\/1\/2019\/11\/02\/homem-que-teve-corpo-queimado-morre-dez-dias-apos-internacao-no-trauma-de-campina-grande\/","title":{"rendered":"Homem que teve corpo queimado morre dez dias ap\u00f3s interna\u00e7\u00e3o no Trauma de Campina Grande"},"content":{"rendered":"\n<p>O Hospital de Trauma de Campina Grande confirmou, na tarde desta sexta-feira (1), a morte de um homem internado em coma h\u00e1 dez dias devido a queimaduras pelo corpo.<\/p>\n\n\n\n<p>T\u00e9rcio Andrade, 24 anos, deu entrada no Hospital de Trauma no dia 22 de outubro, v\u00edtima de queimaduras com gasolina.<\/p>\n\n\n\n<p>De acordo com o relato inicial, ele teria acendido um cigarro pr\u00f3ximo a um recipiente de gasolina. Nos \u00faltimos dias, surgiram suspeitas de que as queimaduras teriam sido causadas pela namorada. At\u00e9 o momento, a fam\u00edlia n\u00e3o fez nenhuma queixa na pol\u00edcia.<\/p>\n\n\n\n<p>T\u00e9rcio Andrade tinha queimaduras de segundo grau na face anterior do t\u00f3rax e bra\u00e7o esquerdo, com 30 a 40% da \u00e1rea queimada.<\/p>\n\n\n\n<p>Ele ficou internado em coma induzido at\u00e9 ter a morte confirmada nesta sexta-feira.<\/p>\n","protected":false},"excerpt":{"rendered":"<p>O Hospital de Trauma de Campina Grande confirmou, na tarde desta sexta-feira (1), a morte de um homem internado em coma h\u00e1 dez dias devido&hellip; <\/p>\n","protected":false},"author":1,"featured_media":132051,"comment_status":"closed","ping_status":"closed","sticky":false,"template":"","format":"standard","meta":{"sfsi_plus_gutenberg_text_before_share":"","sfsi_plus_gutenberg_show_text_before_share":"","sfsi_plus_gutenberg_icon_type":"","sfsi_plus_gutenberg_icon_alignemt":"","sfsi_plus_gutenburg_max_per_row":"","footnotes":""},"categories":[12],"tags":[],"class_list":["post-132049","post","type-post","status-publish","format-standard","has-post-thumbnail","hentry","category-policia"],"_links":{"self":[{"href":"https:\/\/www.caririemacao.com\/1\/wp-json\/wp\/v2\/posts\/132049","targetHints":{"allow":["GET"]}}],"collection":[{"href":"https:\/\/www.caririemacao.com\/1\/wp-json\/wp\/v2\/posts"}],"about":[{"href":"https:\/\/www.caririemacao.com\/1\/wp-json\/wp\/v2\/types\/post"}],"author":[{"embeddable":true,"href":"https:\/\/www.caririemacao.com\/1\/wp-json\/wp\/v2\/users\/1"}],"replies":[{"embeddable":true,"href":"https:\/\/www.caririemacao.com\/1\/wp-json\/wp\/v2\/comments?post=132049"}],"version-history":[{"count":1,"href":"https:\/\/www.caririemacao.com\/1\/wp-json\/wp\/v2\/posts\/132049\/revisions"}],"predecessor-version":[{"id":132052,"href":"https:\/\/www.caririemacao.com\/1\/wp-json\/wp\/v2\/posts\/132049\/revisions\/132052"}],"wp:featuredmedia":[{"embeddable":true,"href":"https:\/\/www.caririemacao.com\/1\/wp-json\/wp\/v2\/media\/132051"}],"wp:attachment":[{"href":"https:\/\/www.caririemacao.com\/1\/wp-json\/wp\/v2\/media?parent=132049"}],"wp:term":[{"taxonomy":"category","embeddable":true,"href":"https:\/\/www.caririemacao.com\/1\/wp-json\/wp\/v2\/categories?post=132049"},{"taxonomy":"post_tag","embeddable":true,"href":"https:\/\/www.caririemacao.com\/1\/wp-json\/wp\/v2\/tags?post=132049"}],"curies":[{"name":"wp","href":"https:\/\/api.w.org\/{rel}","templated":true}]}}