{"id":132101,"date":"2019-11-02T07:30:06","date_gmt":"2019-11-02T10:30:06","guid":{"rendered":"http:\/\/www.caririemacao.com\/1\/?p=132101"},"modified":"2019-11-02T07:30:06","modified_gmt":"2019-11-02T10:30:06","slug":"gilmar-mendes-critica-eduardo-bolsonaro-por-exaltar-trevas-da-ditadura","status":"publish","type":"post","link":"https:\/\/www.caririemacao.com\/1\/2019\/11\/02\/gilmar-mendes-critica-eduardo-bolsonaro-por-exaltar-trevas-da-ditadura\/","title":{"rendered":"Gilmar Mendes critica Eduardo Bolsonaro por &#8216;exaltar trevas&#8217; da ditadura"},"content":{"rendered":"\n<p>O ministro Gilmar Mendes, do STF (Supremo Tribunal Federal), criticou as declara\u00e7\u00f5es do deputado federal Eduardo Bolsonaro (PSL-SP) defendendo um novo AI-5 caso a esquerda se radicalize.<br><\/p>\n\n\n\n<p>&#8220;O AI-5 imp\u00f4s a perda de mandatos de congressistas, a suspens\u00e3o dos direitos civis e pol\u00edticos e o esvaziamento do Habeas Corpus. \u00c9 o s\u00edmbolo maior da tortura institucionalizada. Exaltar o per\u00edodo de trevas da ditadura \u00e9 desmerecer a estatura constitucional da nossa democracia&#8221;, escreveu o magistrado&nbsp;<a href=\"https:\/\/twitter.com\/gilmarmendes\/status\/1190271161143382016\">em sua conta do Twitter<\/a>.<\/p>\n\n\n\n<figure class=\"wp-block-image\"><img decoding=\"async\" data-src=\"https:\/\/www.clickpb.com.br\/media\/filer_public\/6a\/c1\/6ac114d8-8fdb-49db-88a2-0ee8c98047ca\/screenshot_1.jpg\" alt=\"\" src=\"data:image\/svg+xml;base64,PHN2ZyB3aWR0aD0iMSIgaGVpZ2h0PSIxIiB4bWxucz0iaHR0cDovL3d3dy53My5vcmcvMjAwMC9zdmciPjwvc3ZnPg==\" class=\"lazyload\" \/><\/figure>\n\n\n\n<p>L\u00edder do PSL na C\u00e2mara, Eduardo Bolsonaro, filho do presidente Jair Bolsonaro, deu a declara\u00e7\u00e3o em entrevista \u00e0 jornalista Leda Nagle realizada na segunda (28) e publicada nesta quinta (31) no canal dela no YouTube.<\/p>\n\n\n\n<p><strong>LEIA MAIS<\/strong>:&nbsp;<a href=\"https:\/\/www.clickpb.com.br\/brasil\/apos-criticas-do-pai-eduardo-diz-que-nao-existe-qualquer-possibilidade-de-retorno-do-ai-5-271083.html\">Ap\u00f3s cr\u00edticas do pai, Eduardo diz que &#8216;n\u00e3o existe qualquer possibilidade de retorno do AI-5&#8217;<\/a><br><\/p>\n\n\n\n<p>&#8220;Se a esquerda radicalizar a esse ponto, a gente vai precisar ter uma resposta. E uma resposta pode ser via um novo AI-5, pode ser via uma legisla\u00e7\u00e3o aprovada atrav\u00e9s de um plebiscito como ocorreu na It\u00e1lia. Alguma resposta vai ter que ser dada&#8221;, afirmou o parlamentar na entrevista.<\/p>\n","protected":false},"excerpt":{"rendered":"<p>O ministro Gilmar Mendes, do STF (Supremo Tribunal Federal), criticou as declara\u00e7\u00f5es do deputado federal Eduardo Bolsonaro (PSL-SP) defendendo um novo AI-5 caso a esquerda&hellip; <\/p>\n","protected":false},"author":1,"featured_media":22494,"comment_status":"closed","ping_status":"closed","sticky":false,"template":"","format":"standard","meta":{"sfsi_plus_gutenberg_text_before_share":"","sfsi_plus_gutenberg_show_text_before_share":"","sfsi_plus_gutenberg_icon_type":"","sfsi_plus_gutenberg_icon_alignemt":"","sfsi_plus_gutenburg_max_per_row":"","footnotes":""},"categories":[11],"tags":[],"class_list":["post-132101","post","type-post","status-publish","format-standard","has-post-thumbnail","hentry","category-politica"],"_links":{"self":[{"href":"https:\/\/www.caririemacao.com\/1\/wp-json\/wp\/v2\/posts\/132101","targetHints":{"allow":["GET"]}}],"collection":[{"href":"https:\/\/www.caririemacao.com\/1\/wp-json\/wp\/v2\/posts"}],"about":[{"href":"https:\/\/www.caririemacao.com\/1\/wp-json\/wp\/v2\/types\/post"}],"author":[{"embeddable":true,"href":"https:\/\/www.caririemacao.com\/1\/wp-json\/wp\/v2\/users\/1"}],"replies":[{"embeddable":true,"href":"https:\/\/www.caririemacao.com\/1\/wp-json\/wp\/v2\/comments?post=132101"}],"version-history":[{"count":1,"href":"https:\/\/www.caririemacao.com\/1\/wp-json\/wp\/v2\/posts\/132101\/revisions"}],"predecessor-version":[{"id":132103,"href":"https:\/\/www.caririemacao.com\/1\/wp-json\/wp\/v2\/posts\/132101\/revisions\/132103"}],"wp:featuredmedia":[{"embeddable":true,"href":"https:\/\/www.caririemacao.com\/1\/wp-json\/wp\/v2\/media\/22494"}],"wp:attachment":[{"href":"https:\/\/www.caririemacao.com\/1\/wp-json\/wp\/v2\/media?parent=132101"}],"wp:term":[{"taxonomy":"category","embeddable":true,"href":"https:\/\/www.caririemacao.com\/1\/wp-json\/wp\/v2\/categories?post=132101"},{"taxonomy":"post_tag","embeddable":true,"href":"https:\/\/www.caririemacao.com\/1\/wp-json\/wp\/v2\/tags?post=132101"}],"curies":[{"name":"wp","href":"https:\/\/api.w.org\/{rel}","templated":true}]}}