{"id":132109,"date":"2019-11-02T07:32:54","date_gmt":"2019-11-02T10:32:54","guid":{"rendered":"http:\/\/www.caririemacao.com\/1\/?p=132109"},"modified":"2019-11-02T07:32:54","modified_gmt":"2019-11-02T10:32:54","slug":"ciro-gomes-chama-lula-de-enganador-profissional-em-entrevista","status":"publish","type":"post","link":"https:\/\/www.caririemacao.com\/1\/2019\/11\/02\/ciro-gomes-chama-lula-de-enganador-profissional-em-entrevista\/","title":{"rendered":"Ciro Gomes chama Lula de \u201cenganador profissional\u201d em entrevista"},"content":{"rendered":"\n<p>A rela\u00e7\u00e3o entre o ex-presidente Lula (PT) e Ciro Gomes, ex-governador do Cear\u00e1, continua estremecida. Desde o ano passado, quando Lula insistiu na candidatura de Fernando Haddad e n\u00e3o apoiando Ciro, a guerra foi declarada, especialmente com o pedetista se negando a pedir votos para Haddad no segundo turno.<\/p>\n\n\n\n<p>Ciro, por\u00e9m, disse que n\u00e3o recusaria um convite de Lula para conversar caso o ex-presidente saia da pris\u00e3o. Em entrevista ao Congresso em Foco, o pedetista chamou o advers\u00e1rio pol\u00edtico de \u201cenganador profissional\u201d.<\/p>\n\n\n\n<p>\u201cEu n\u00e3o me recuso a conversar com ningu\u00e9m, mas n\u00e3o tenho nenhum apre\u00e7o pol\u00edtico pelo Lula, nenhum. Acho que ele \u00e9 o grande respons\u00e1vel por essa trag\u00e9dia econ\u00f4mica, social e pol\u00edtica que o Brasil est\u00e1 vivendo, n\u00e3o tem grandeza, s\u00f3 pensa em si e virou um grande enganador profissional\u201d, afirmou.<\/p>\n\n\n\n<p>Gomes ainda declarou que Haddad, candidato presidencial do PT nas \u00faltimas elei\u00e7\u00f5es, n\u00e3o o procura desde a disputa eleitoral do ano passado.<\/p>\n\n\n\n<p>\u201cN\u00e3o, nem no dia da elei\u00e7\u00e3o. Esse povo n\u00e3o gosta muito da verdade, n\u00e3o. Aqui meu telefone, meu sigilo de telefone, se tiver uma liga\u00e7\u00e3o dele aqui voc\u00ea pode ficar com meu bra\u00e7o\u201d, disse o pedetista.<\/p>\n","protected":false},"excerpt":{"rendered":"<p>A rela\u00e7\u00e3o entre o ex-presidente Lula (PT) e Ciro Gomes, ex-governador do Cear\u00e1, continua estremecida. Desde o ano passado, quando Lula insistiu na candidatura de&hellip; <\/p>\n","protected":false},"author":1,"featured_media":132110,"comment_status":"closed","ping_status":"closed","sticky":false,"template":"","format":"standard","meta":{"sfsi_plus_gutenberg_text_before_share":"","sfsi_plus_gutenberg_show_text_before_share":"","sfsi_plus_gutenberg_icon_type":"","sfsi_plus_gutenberg_icon_alignemt":"","sfsi_plus_gutenburg_max_per_row":"","footnotes":""},"categories":[2],"tags":[],"class_list":["post-132109","post","type-post","status-publish","format-standard","has-post-thumbnail","hentry","category-geral"],"_links":{"self":[{"href":"https:\/\/www.caririemacao.com\/1\/wp-json\/wp\/v2\/posts\/132109","targetHints":{"allow":["GET"]}}],"collection":[{"href":"https:\/\/www.caririemacao.com\/1\/wp-json\/wp\/v2\/posts"}],"about":[{"href":"https:\/\/www.caririemacao.com\/1\/wp-json\/wp\/v2\/types\/post"}],"author":[{"embeddable":true,"href":"https:\/\/www.caririemacao.com\/1\/wp-json\/wp\/v2\/users\/1"}],"replies":[{"embeddable":true,"href":"https:\/\/www.caririemacao.com\/1\/wp-json\/wp\/v2\/comments?post=132109"}],"version-history":[{"count":1,"href":"https:\/\/www.caririemacao.com\/1\/wp-json\/wp\/v2\/posts\/132109\/revisions"}],"predecessor-version":[{"id":132111,"href":"https:\/\/www.caririemacao.com\/1\/wp-json\/wp\/v2\/posts\/132109\/revisions\/132111"}],"wp:featuredmedia":[{"embeddable":true,"href":"https:\/\/www.caririemacao.com\/1\/wp-json\/wp\/v2\/media\/132110"}],"wp:attachment":[{"href":"https:\/\/www.caririemacao.com\/1\/wp-json\/wp\/v2\/media?parent=132109"}],"wp:term":[{"taxonomy":"category","embeddable":true,"href":"https:\/\/www.caririemacao.com\/1\/wp-json\/wp\/v2\/categories?post=132109"},{"taxonomy":"post_tag","embeddable":true,"href":"https:\/\/www.caririemacao.com\/1\/wp-json\/wp\/v2\/tags?post=132109"}],"curies":[{"name":"wp","href":"https:\/\/api.w.org\/{rel}","templated":true}]}}