{"id":132134,"date":"2019-11-02T07:39:41","date_gmt":"2019-11-02T10:39:41","guid":{"rendered":"http:\/\/www.caririemacao.com\/1\/?p=132134"},"modified":"2019-11-02T07:39:41","modified_gmt":"2019-11-02T10:39:41","slug":"bolsonaro-e-flagrado-dizendo-a-alexandre-frota-eu-quero-continuar-transando-com-voce","status":"publish","type":"post","link":"https:\/\/www.caririemacao.com\/1\/2019\/11\/02\/bolsonaro-e-flagrado-dizendo-a-alexandre-frota-eu-quero-continuar-transando-com-voce\/","title":{"rendered":"Bolsonaro \u00e9 flagrado dizendo a Alexandre Frota: &#8220;eu quero continuar transando com voc\u00ea&#8221;"},"content":{"rendered":"\n<p>O deputado federal Alexandre Frota publicou v\u00eddeo em que mostra o presidente Jair Bolsonaro dizendo: &#8220;Fecha essa matraca. Puta que pariu. Eu quero continuar transando com voc\u00ea.&#8221; No Twitter, Frota aproveitou para compartilhar um coment\u00e1rio, nesta sexta-feira (1\u00ba): &#8220;Eu at\u00e9 hoje n\u00e3o entendi isso achei que ele n\u00e3o gostasse do meu tipo.&#8221;<\/p>\n\n\n\n<p>Ainda no Twitter, o ex-ator porn\u00f4 Frota publicou o v\u00eddeo com a seguinte legenda: &#8220;Fecha essa Matraca puta que pariu eu quero continuar transando com vc disse Bolsonaro .Estou postando porque a Bia Kicis disse que n\u00e3o estava no dia e que n\u00e3o tinha visto .Podem conferir ela entre eu e ele ainda prestando aten\u00e7\u00e3o na conversa e com um leve sorriso.Est\u00e1 de \u00f3culos. (sic)&#8221;<\/p>\n\n\n\n<p>O parlamentar explicou que a declara\u00e7\u00e3o foi dada ap\u00f3s ele pedir no plen\u00e1rio da C\u00e2mara dos Deputados a pris\u00e3o de Fabr\u00edcio Queiroz, ex-assessor do filho do presidente, Fl\u00e1vio Bolsonaro. &#8220;O dia que pedi a Pris\u00e3o do Queiroz e depois descobri que o Bolsonaro n\u00e3o gostou. (sic)&#8221;, postando o v\u00eddeo em seguida.<\/p>\n\n\n\n<p><strong>Veja o v\u00eddeo<\/strong><\/p>\n\n\n\n<figure><iframe width=\"500\" height=\"281\" data-src=\"https:\/\/www.youtube.com\/embed\/cqWv1hOVH_E\" allowfullscreen=\"\" src=\"data:image\/svg+xml;base64,PHN2ZyB3aWR0aD0iMSIgaGVpZ2h0PSIxIiB4bWxucz0iaHR0cDovL3d3dy53My5vcmcvMjAwMC9zdmciPjwvc3ZnPg==\" class=\"lazyload\" data-load-mode=\"1\"><\/iframe><\/figure>\n","protected":false},"excerpt":{"rendered":"<p>O deputado federal Alexandre Frota publicou v\u00eddeo em que mostra o presidente Jair Bolsonaro dizendo: &#8220;Fecha essa matraca. Puta que pariu. Eu quero continuar transando&hellip; <\/p>\n","protected":false},"author":1,"featured_media":132136,"comment_status":"closed","ping_status":"closed","sticky":false,"template":"","format":"standard","meta":{"sfsi_plus_gutenberg_text_before_share":"","sfsi_plus_gutenberg_show_text_before_share":"","sfsi_plus_gutenberg_icon_type":"","sfsi_plus_gutenberg_icon_alignemt":"","sfsi_plus_gutenburg_max_per_row":"","footnotes":""},"categories":[11],"tags":[],"class_list":["post-132134","post","type-post","status-publish","format-standard","has-post-thumbnail","hentry","category-politica"],"_links":{"self":[{"href":"https:\/\/www.caririemacao.com\/1\/wp-json\/wp\/v2\/posts\/132134","targetHints":{"allow":["GET"]}}],"collection":[{"href":"https:\/\/www.caririemacao.com\/1\/wp-json\/wp\/v2\/posts"}],"about":[{"href":"https:\/\/www.caririemacao.com\/1\/wp-json\/wp\/v2\/types\/post"}],"author":[{"embeddable":true,"href":"https:\/\/www.caririemacao.com\/1\/wp-json\/wp\/v2\/users\/1"}],"replies":[{"embeddable":true,"href":"https:\/\/www.caririemacao.com\/1\/wp-json\/wp\/v2\/comments?post=132134"}],"version-history":[{"count":1,"href":"https:\/\/www.caririemacao.com\/1\/wp-json\/wp\/v2\/posts\/132134\/revisions"}],"predecessor-version":[{"id":132137,"href":"https:\/\/www.caririemacao.com\/1\/wp-json\/wp\/v2\/posts\/132134\/revisions\/132137"}],"wp:featuredmedia":[{"embeddable":true,"href":"https:\/\/www.caririemacao.com\/1\/wp-json\/wp\/v2\/media\/132136"}],"wp:attachment":[{"href":"https:\/\/www.caririemacao.com\/1\/wp-json\/wp\/v2\/media?parent=132134"}],"wp:term":[{"taxonomy":"category","embeddable":true,"href":"https:\/\/www.caririemacao.com\/1\/wp-json\/wp\/v2\/categories?post=132134"},{"taxonomy":"post_tag","embeddable":true,"href":"https:\/\/www.caririemacao.com\/1\/wp-json\/wp\/v2\/tags?post=132134"}],"curies":[{"name":"wp","href":"https:\/\/api.w.org\/{rel}","templated":true}]}}