{"id":132144,"date":"2019-11-02T07:42:48","date_gmt":"2019-11-02T10:42:48","guid":{"rendered":"http:\/\/www.caririemacao.com\/1\/?p=132144"},"modified":"2019-11-02T07:42:48","modified_gmt":"2019-11-02T10:42:48","slug":"mundial-sub-17-brasil-vence-angola-e-garante-lideranca-do-grupo-a","status":"publish","type":"post","link":"https:\/\/www.caririemacao.com\/1\/2019\/11\/02\/mundial-sub-17-brasil-vence-angola-e-garante-lideranca-do-grupo-a\/","title":{"rendered":"Mundial sub-17: Brasil vence Angola e garante lideran\u00e7a do grupo A"},"content":{"rendered":"\n<p>J\u00e1 classificado para as oitavas-de-final da Copa do Mundo de futebol sub-17, o Brasil derrotou Angola por 2 a 0 nesta sexta (1) e garantiu a primeira posi\u00e7\u00e3o do grupo A da competi\u00e7\u00e3o com 100% de aproveitamento. Na partida realizada no Est\u00e1dio Ol\u00edmpico de Goi\u00e2nia o grande destaque foi o atacante Ver\u00f3n, que marcou um gola\u00e7o.<\/p>\n\n\n\n<h2 class=\"wp-block-heading\">O jogo&nbsp;<\/h2>\n\n\n\n<p>A primeira boa chance de gol foi da Angola. O atacante David recebe na esquerda, se livra de um zagueiro e chuta com perigo para defesa do goleiro Matheus Donelli aos 12 minutos.<\/p>\n\n\n\n<p>Com o passar do tempo o Brasil equilibra o jogo, e cria sua primeira boa chance aos 29 minutos, quando o meia Diego Rosa tem duas oportunidades claras de marcar, mas o goleiro Cambila aparece muito bem.<\/p>\n\n\n\n<p>Aos 41 minutos \u00e9 o atacante Talles Magno que cria oportunidade clara. Ele recebe na \u00e1rea e toca para Ver\u00f3n, que bate forte para fora.<\/p>\n\n\n\n<p>Contudo, a chance mais cristalina do primeiro tempo foi de Angola. Aos 47 Afonso avan\u00e7ou pela direita e cruzou na medida para David, que escorou, com muito perigo, para fora.<\/p>\n\n\n\n<h2 class=\"wp-block-heading\">Gol no segundo tempo<\/h2>\n\n\n\n<p>O segundo tempo come\u00e7a com a mesma din\u00e2mica da etapa inicial, com chances de lado a lado. A primeira oportunidade clara \u00e9 do Brasil, com chute perigoso de Daniel Cabral aos 7 minutos que acaba indo para fora.<\/p>\n\n\n\n<p>Dois minutos depois \u00e9 Angola que chega com perigo. Maestro enfia a bola para Zito, que avan\u00e7a e chuta muito perto do gol defendido por Matheus Donelli.<\/p>\n\n\n\n<p>Mas aos 22 minutos o Brasil finalmente conseguiu transformar suas chances em gol. Ver\u00f3n cobrou escanteio, o zagueiro Henri cabeceia e Talles Magno escora para abrir o marcador.<\/p>\n\n\n\n<figure class=\"wp-block-image\"><img decoding=\"async\" data-src=\"http:\/\/imagens.ebc.com.br\/dq9n8RLj8Tvp5FGb3-sS3To-uYc=\/754x0\/smart\/http:\/\/agenciabrasil.ebc.com.br\/sites\/default\/files\/thumbnails\/image\/brasil_e_angola_goiania_mundial_sub-17_esportes_futebol011120196305.jpg?itok=ATlTNWG6\" alt=\"O Mundial Sub-17 chega a Goi\u00e2nia nesta sexta-feira para a Sele\u00e7\u00e3o Brasileira. No est\u00e1dio Ol\u00edmpico, o Brasil enfrenta Angola pela \u00faltima rodada da fase de grupos. O confronto, marcado para as 20h, vale a lideran\u00e7a do Grupo A\" src=\"data:image\/svg+xml;base64,PHN2ZyB3aWR0aD0iMSIgaGVpZ2h0PSIxIiB4bWxucz0iaHR0cDovL3d3dy53My5vcmcvMjAwMC9zdmciPjwvc3ZnPg==\" class=\"lazyload\" \/><\/figure>\n\n\n\n<p>Talles Magno fez o primeiro gol da vit\u00f3ria do Brasil &#8211;&nbsp;<strong>Alexandre Loureiro\/CBF<\/strong><\/p>\n\n\n\n<p>Com a vantagem no placar o Brasil passa a se posicionar no campo de ataque, tocando a bola em busca de uma oportunidade de fazer o segundo.<\/p>\n\n\n\n<p>E a estrat\u00e9gia d\u00e1 certo. Aos 31 minutos Ver\u00f3n domina na intermedi\u00e1ria, avan\u00e7a sozinho deixando 4 advers\u00e1rios para tr\u00e1s e bate na sa\u00edda do goleiro Cambila. Um gola\u00e7o.<\/p>\n\n\n\n<p>Com o 2 a 0 no marcador o Brasil passa a administrar o jogo e n\u00e3o corre maiores riscos para ficar com a vit\u00f3ria no final. Assim, a sele\u00e7\u00e3o garantiu 100% de aproveitamento na primeira fase e a primeira posi\u00e7\u00e3o do grupo.<\/p>\n\n\n\n<h2 class=\"wp-block-heading\">Pr\u00f3xima fase<\/h2>\n\n\n\n<p>A pr\u00f3xima partida do Brasil ser\u00e1 realizada na quarta (6), a partir das 20h (hor\u00e1rio de Bras\u00edlia), no Est\u00e1dio do Bezerr\u00e3o, que fica no Gama (DF). O jogo valer\u00e1 pelas oitavas-de-final e o advers\u00e1rio ainda n\u00e3o est\u00e1 definido.<\/p>\n\n\n\n<h2 class=\"wp-block-heading\">Ficha t\u00e9cnica:<\/h2>\n\n\n\n<p>ANGOLA 0 x 2 BRASIL<\/p>\n\n\n\n<p>Competi\u00e7\u00e3o: Mundial Sub-17 (Primeira Fase \u2013 Grupo A)<\/p>\n\n\n\n<p>Local: Est\u00e1dio Ol\u00edmpico, Goi\u00e2nia (GO)<\/p>\n\n\n\n<p>Juiz: Andreas Ekberg (Su\u00e9cia)<\/p>\n\n\n\n<p>Angola: Cambila; Mimo, Maestro (Domingos), Pablo e Porf\u00edrio; Afonso, Pedro, Capita e Zito; Beni (Nelinho) e David (Zini). T: Pedro Gon\u00e7alves<\/p>\n\n\n\n<p>Brasil: Matheus Donelli; Garcia, Henri, Luan Patrick e Patryck (Gabriel Noga); Daniel Cabral (Sandry), Diego Rosa e Peglow (L\u00e1zaro); Veron, Kaio Jorge e Talles Magno. T: Guilherme Dalla Dea.<\/p>\n\n\n\n<p>Gols: 2\u00ba tempo: Talles Magno (22) e Ver\u00f3n (31).<\/p>\n","protected":false},"excerpt":{"rendered":"<p>J\u00e1 classificado para as oitavas-de-final da Copa do Mundo de futebol sub-17, o Brasil derrotou Angola por 2 a 0 nesta sexta (1) e garantiu&hellip; <\/p>\n","protected":false},"author":1,"featured_media":132146,"comment_status":"closed","ping_status":"closed","sticky":false,"template":"","format":"standard","meta":{"sfsi_plus_gutenberg_text_before_share":"","sfsi_plus_gutenberg_show_text_before_share":"","sfsi_plus_gutenberg_icon_type":"","sfsi_plus_gutenberg_icon_alignemt":"","sfsi_plus_gutenburg_max_per_row":"","footnotes":""},"categories":[13],"tags":[],"class_list":["post-132144","post","type-post","status-publish","format-standard","has-post-thumbnail","hentry","category-esportes"],"_links":{"self":[{"href":"https:\/\/www.caririemacao.com\/1\/wp-json\/wp\/v2\/posts\/132144","targetHints":{"allow":["GET"]}}],"collection":[{"href":"https:\/\/www.caririemacao.com\/1\/wp-json\/wp\/v2\/posts"}],"about":[{"href":"https:\/\/www.caririemacao.com\/1\/wp-json\/wp\/v2\/types\/post"}],"author":[{"embeddable":true,"href":"https:\/\/www.caririemacao.com\/1\/wp-json\/wp\/v2\/users\/1"}],"replies":[{"embeddable":true,"href":"https:\/\/www.caririemacao.com\/1\/wp-json\/wp\/v2\/comments?post=132144"}],"version-history":[{"count":1,"href":"https:\/\/www.caririemacao.com\/1\/wp-json\/wp\/v2\/posts\/132144\/revisions"}],"predecessor-version":[{"id":132147,"href":"https:\/\/www.caririemacao.com\/1\/wp-json\/wp\/v2\/posts\/132144\/revisions\/132147"}],"wp:featuredmedia":[{"embeddable":true,"href":"https:\/\/www.caririemacao.com\/1\/wp-json\/wp\/v2\/media\/132146"}],"wp:attachment":[{"href":"https:\/\/www.caririemacao.com\/1\/wp-json\/wp\/v2\/media?parent=132144"}],"wp:term":[{"taxonomy":"category","embeddable":true,"href":"https:\/\/www.caririemacao.com\/1\/wp-json\/wp\/v2\/categories?post=132144"},{"taxonomy":"post_tag","embeddable":true,"href":"https:\/\/www.caririemacao.com\/1\/wp-json\/wp\/v2\/tags?post=132144"}],"curies":[{"name":"wp","href":"https:\/\/api.w.org\/{rel}","templated":true}]}}