{"id":132156,"date":"2019-11-02T07:46:09","date_gmt":"2019-11-02T10:46:09","guid":{"rendered":"http:\/\/www.caririemacao.com\/1\/?p=132156"},"modified":"2019-11-02T07:46:09","modified_gmt":"2019-11-02T10:46:09","slug":"confira-a-previsao-do-tempo-para-este-sabado-em-toda-paraiba-17","status":"publish","type":"post","link":"https:\/\/www.caririemacao.com\/1\/2019\/11\/02\/confira-a-previsao-do-tempo-para-este-sabado-em-toda-paraiba-17\/","title":{"rendered":"Confira a previs\u00e3o do tempo para este s\u00e1bado em toda Para\u00edba"},"content":{"rendered":"\n<p>Permanece a condi\u00e7\u00e3o de reduzida nebulosidade em praticamente todo estado da Para\u00edba. A tend\u00eancia \u00e9 de que o tempo permane\u00e7a com poucas nuvens, favorecendo aos registros de altas temperaturas e baixos \u00edndices de umidade relativa do ar no per\u00edodo da tarde, especialmente nas regi\u00f5es do Cariri\/Curimata\u00fa, Sert\u00e3o e Alto Sert\u00e3o. No entanto, a maior concentra\u00e7\u00e3o de nebulosidade dever\u00e1 ocorrer sobre a faixa litor\u00e2nea onde poder\u00e3o ocorrer chuvas passageiras e pontuais.<\/p>\n\n\n\n<figure class=\"wp-block-image\"><img decoding=\"async\" data-src=\"https:\/\/paraibaonline.com.br\/wp-content\/uploads\/2019\/11\/tempo0211-567x337.jpg\" alt=\"\" class=\"wp-image-816540 lazyload\" src=\"data:image\/svg+xml;base64,PHN2ZyB3aWR0aD0iMSIgaGVpZ2h0PSIxIiB4bWxucz0iaHR0cDovL3d3dy53My5vcmcvMjAwMC9zdmciPjwvc3ZnPg==\" style=\"--smush-placeholder-width: 567px; --smush-placeholder-aspect-ratio: 567\/337;\" \/><\/figure>\n\n\n\n<p>* Fonte: Aesa<\/p>\n","protected":false},"excerpt":{"rendered":"<p>Permanece a condi\u00e7\u00e3o de reduzida nebulosidade em praticamente todo estado da Para\u00edba. A tend\u00eancia \u00e9 de que o tempo permane\u00e7a com poucas nuvens, favorecendo aos&hellip; <\/p>\n","protected":false},"author":1,"featured_media":62056,"comment_status":"closed","ping_status":"closed","sticky":false,"template":"","format":"standard","meta":{"sfsi_plus_gutenberg_text_before_share":"","sfsi_plus_gutenberg_show_text_before_share":"","sfsi_plus_gutenberg_icon_type":"","sfsi_plus_gutenberg_icon_alignemt":"","sfsi_plus_gutenburg_max_per_row":"","footnotes":""},"categories":[6],"tags":[],"class_list":["post-132156","post","type-post","status-publish","format-standard","has-post-thumbnail","hentry","category-cidades"],"_links":{"self":[{"href":"https:\/\/www.caririemacao.com\/1\/wp-json\/wp\/v2\/posts\/132156","targetHints":{"allow":["GET"]}}],"collection":[{"href":"https:\/\/www.caririemacao.com\/1\/wp-json\/wp\/v2\/posts"}],"about":[{"href":"https:\/\/www.caririemacao.com\/1\/wp-json\/wp\/v2\/types\/post"}],"author":[{"embeddable":true,"href":"https:\/\/www.caririemacao.com\/1\/wp-json\/wp\/v2\/users\/1"}],"replies":[{"embeddable":true,"href":"https:\/\/www.caririemacao.com\/1\/wp-json\/wp\/v2\/comments?post=132156"}],"version-history":[{"count":1,"href":"https:\/\/www.caririemacao.com\/1\/wp-json\/wp\/v2\/posts\/132156\/revisions"}],"predecessor-version":[{"id":132158,"href":"https:\/\/www.caririemacao.com\/1\/wp-json\/wp\/v2\/posts\/132156\/revisions\/132158"}],"wp:featuredmedia":[{"embeddable":true,"href":"https:\/\/www.caririemacao.com\/1\/wp-json\/wp\/v2\/media\/62056"}],"wp:attachment":[{"href":"https:\/\/www.caririemacao.com\/1\/wp-json\/wp\/v2\/media?parent=132156"}],"wp:term":[{"taxonomy":"category","embeddable":true,"href":"https:\/\/www.caririemacao.com\/1\/wp-json\/wp\/v2\/categories?post=132156"},{"taxonomy":"post_tag","embeddable":true,"href":"https:\/\/www.caririemacao.com\/1\/wp-json\/wp\/v2\/tags?post=132156"}],"curies":[{"name":"wp","href":"https:\/\/api.w.org\/{rel}","templated":true}]}}