{"id":132168,"date":"2019-11-02T11:05:31","date_gmt":"2019-11-02T14:05:31","guid":{"rendered":"http:\/\/www.caririemacao.com\/1\/?p=132168"},"modified":"2019-11-02T11:05:31","modified_gmt":"2019-11-02T14:05:31","slug":"novembro-azul-governo-do-estado-inicia-campanha-na-segunda-feira","status":"publish","type":"post","link":"https:\/\/www.caririemacao.com\/1\/2019\/11\/02\/novembro-azul-governo-do-estado-inicia-campanha-na-segunda-feira\/","title":{"rendered":"Novembro Azul: Governo do Estado inicia campanha na segunda-feira"},"content":{"rendered":"\n<p>O Governo do Estado, por meio da Secretaria de Estado da Sa\u00fade (SES), inicia, na segunda-feira (04), as atividades relacionadas ao Novembro Azul. A abertura do m\u00eas dedicado \u00e0 sa\u00fade da popula\u00e7\u00e3o masculina ser\u00e1 \u00e0s 8h30, na sede da SES, com palestra do m\u00e9dico Ot\u00e1vio Soares de Pinho Neto sobre sa\u00fade do homem. Durante todo o m\u00eas, ser\u00e3o realizadas a\u00e7\u00f5es articuladas com as Ger\u00eancias Regionais de Sa\u00fade, servi\u00e7os de sa\u00fade e munic\u00edpios, incentivando o autocuidado da popula\u00e7\u00e3o masculina e ado\u00e7\u00e3o de h\u00e1bitos para uma vida saud\u00e1vel.<\/p>\n\n\n\n<p>O \u201cNovembro Azul\u201d \u00e9 uma campanha desenvolvida no Brasil pelo Instituto Lado a Lado pela Vida, que teve sua origem em 2008. Seu objetivo \u00e9 discutir a tem\u00e1tica do c\u00e2ncer de pr\u00f3stata, abordando principalmente sua preven\u00e7\u00e3o, estimulando os homens a cuidarem mais de sua sa\u00fade. Em 2012, inspirado pelo \u201cMovember\u201d \u2013 movimento internacional dedicado \u00e0 conscientiza\u00e7\u00e3o e arrecada\u00e7\u00e3o de fundos na luta contra a doen\u00e7a. A campanha se concentrou no m\u00eas de novembro (m\u00eas do Dia Internacional do Homem \u2013 19 de novembro) e, por isso, passou a se chamar \u201cNovembro Azul\u201d. Desde ent\u00e3o, diversas a\u00e7\u00f5es e atividades relacionadas ao tema s\u00e3o desenvolvidos anualmente no Brasil.<\/p>\n\n\n\n<p>A SES\/PB, em conjunto com o Minist\u00e9rio da Sa\u00fade, prop\u00f5e que sejam desenvolvidas atividades nos munic\u00edpios e nas unidades de sa\u00fade que busquem facilitar e ampliar o acesso e o acolhimento com qualidade da popula\u00e7\u00e3o masculina \u00e0s a\u00e7\u00f5es e aos servi\u00e7os de assist\u00eancia integral da Rede SUS.<\/p>\n\n\n\n<p>O coordenador da \u00c1rea T\u00e9cnica de Sa\u00fade do Homem da SES, H\u00e9lio Soares, explica que a inten\u00e7\u00e3o \u00e9 divulgar que esses servi\u00e7os est\u00e3o dispon\u00edveis durante todo o ano e orientar a popula\u00e7\u00e3o masculina a fazer exames de rotina. \u201cO objetivo \u00e9 evitar que os homens s\u00f3 procurem a assist\u00eancia quando j\u00e1 estiverem doentes. O Novembro Azul acontece para ampliar essa divulga\u00e7\u00e3o e assim estimular ainda mais os munic\u00edpios, os gestores municipais a pensarem a tem\u00e1tica da sa\u00fade do homem, para que melhorem a aten\u00e7\u00e3o prim\u00e1ria de sa\u00fade\u201d, pontua.<\/p>\n\n\n\n<p>As doen\u00e7as que mais afetam os homens s\u00e3o: infarto agudo do mioc\u00e1rdio; fatores externos (Acidentes\/Viol\u00eancia por arma de fogo ou arma branca); diabetes mellitus; pneumonia; Acidente vascular cerebral hemorr\u00e1gico; c\u00e2ncer de pr\u00f3stata; c\u00e2ncer dos br\u00f4nquios e dos pulm\u00f5es; c\u00e2ncer do est\u00f4mago; c\u00e2ncer do f\u00edgado e vias biliares intra-hep\u00e1ticas, e c\u00e2ncer da Cavidade Oral\/ Traqueia, Br\u00f4nquio e Pulm\u00e3o.<\/p>\n\n\n\n<p>Quanto aos \u00f3bitos, de janeiro a outubro de 2019, morreram na Para\u00edba 969 homens v\u00edtimas de infarto agudo do mioc\u00e1rdio; 463 de viol\u00eancia por arma de fogo ou arma branca; 642 de pneumonia; 590 de diabetes mellitus; 254 de AVC; 272 de c\u00e2ncer de pr\u00f3stata; 173 de c\u00e2ncer dos br\u00f4nquios e pulm\u00f5es e 142 de c\u00e2ncer de est\u00f4mago.<\/p>\n\n\n\n<p>No Brasil, o c\u00e2ncer de pr\u00f3stata \u00e9 o segundo mais comum entre os homens (atr\u00e1s apenas do c\u00e2ncer de pele n\u00e3o-melanoma). Sua taxa de incid\u00eancia \u00e9 cerca de seis vezes maior nos pa\u00edses desenvolvidos em compara\u00e7\u00e3o aos pa\u00edses em desenvolvimento. Mais do que qualquer outro tipo, \u00e9 considerado um c\u00e2ncer da terceira idade, j\u00e1 que cerca de tr\u00eas quartos dos casos no mundo ocorrem a partir dos 65 anos. O aumento observado nas taxas de incid\u00eancia no Brasil pode ser parcialmente justificado pela evolu\u00e7\u00e3o dos m\u00e9todos diagn\u00f3sticos (exames), pela melhoria na qualidade dos sistemas de informa\u00e7\u00e3o do pa\u00eds e pelo aumento na expectativa de vida.<\/p>\n\n\n\n<p><strong>Sintomas do c\u00e2ncer de pr\u00f3stata<\/strong><\/p>\n\n\n\n<p>A maioria dos c\u00e2nceres de pr\u00f3stata cresce lentamente e n\u00e3o causa sintomas no in\u00edcio, mas tumores em est\u00e1gio mais avan\u00e7ado podem causar dificuldades para urinar, sensa\u00e7\u00e3o de n\u00e3o conseguir esvaziar completamente a bexiga, presen\u00e7a de sangue na urina e, em alguns casos, dor \u00f3ssea na regi\u00e3o das costas; por isso o diagn\u00f3stico precoce da doen\u00e7a \u00e9 essencial, e este \u00e9 realizado por meio do toque retal e da dosagem do PSA no sangue onde se pode avaliar a pr\u00f3stata.<\/p>\n\n\n\n<p>Neste sentido, a popula\u00e7\u00e3o deve procurar \u00e0s Unidades de Sa\u00fade da Fam\u00edlia, para realiza\u00e7\u00e3o dos exames preventivos, se poss\u00edvel, uma vez ao ano, ap\u00f3s os 50 anos, ou conforme orienta\u00e7\u00e3o m\u00e9dica, de acordo com a Sociedade Brasileira de Urologia \u2013 SBU. Homens da ra\u00e7a negra ou com parentes de primeiro grau (pai, irm\u00e3o, tios) com hist\u00f3rico de C\u00e2ncer de Pr\u00f3stata devem come\u00e7ar aos 45 anos. O rastreamento dever\u00e1 ser realizado ap\u00f3s ampla discuss\u00e3o de riscos e potenciais benef\u00edcios.<\/p>\n\n\n\n<p>O tratamento do c\u00e2ncer pelo SUS na Para\u00edba \u00e9 realizado no Hospital Napole\u00e3o Laureano e Hospital S\u00e3o Vicente de Paula, em Jo\u00e3o Pessoa; no Hospital da Funda\u00e7\u00e3o Assistencial da Para\u00edba (FAP) e no Hospital Universit\u00e1rio Alcides Carneiro \u2013 HUAC em Campina Grande e, agora, no Complexo Hospitalar Regional Deputado Janduhy Carneiro, na Unidade de Oncologia do Sert\u00e3o, Hospital do Bem, em Patos.<\/p>\n","protected":false},"excerpt":{"rendered":"<p>O Governo do Estado, por meio da Secretaria de Estado da Sa\u00fade (SES), inicia, na segunda-feira (04), as atividades relacionadas ao Novembro Azul. A abertura&hellip; <\/p>\n","protected":false},"author":1,"featured_media":132169,"comment_status":"closed","ping_status":"closed","sticky":false,"template":"","format":"standard","meta":{"sfsi_plus_gutenberg_text_before_share":"","sfsi_plus_gutenberg_show_text_before_share":"","sfsi_plus_gutenberg_icon_type":"","sfsi_plus_gutenberg_icon_alignemt":"","sfsi_plus_gutenburg_max_per_row":"","footnotes":""},"categories":[16],"tags":[],"class_list":["post-132168","post","type-post","status-publish","format-standard","has-post-thumbnail","hentry","category-saude"],"_links":{"self":[{"href":"https:\/\/www.caririemacao.com\/1\/wp-json\/wp\/v2\/posts\/132168","targetHints":{"allow":["GET"]}}],"collection":[{"href":"https:\/\/www.caririemacao.com\/1\/wp-json\/wp\/v2\/posts"}],"about":[{"href":"https:\/\/www.caririemacao.com\/1\/wp-json\/wp\/v2\/types\/post"}],"author":[{"embeddable":true,"href":"https:\/\/www.caririemacao.com\/1\/wp-json\/wp\/v2\/users\/1"}],"replies":[{"embeddable":true,"href":"https:\/\/www.caririemacao.com\/1\/wp-json\/wp\/v2\/comments?post=132168"}],"version-history":[{"count":1,"href":"https:\/\/www.caririemacao.com\/1\/wp-json\/wp\/v2\/posts\/132168\/revisions"}],"predecessor-version":[{"id":132170,"href":"https:\/\/www.caririemacao.com\/1\/wp-json\/wp\/v2\/posts\/132168\/revisions\/132170"}],"wp:featuredmedia":[{"embeddable":true,"href":"https:\/\/www.caririemacao.com\/1\/wp-json\/wp\/v2\/media\/132169"}],"wp:attachment":[{"href":"https:\/\/www.caririemacao.com\/1\/wp-json\/wp\/v2\/media?parent=132168"}],"wp:term":[{"taxonomy":"category","embeddable":true,"href":"https:\/\/www.caririemacao.com\/1\/wp-json\/wp\/v2\/categories?post=132168"},{"taxonomy":"post_tag","embeddable":true,"href":"https:\/\/www.caririemacao.com\/1\/wp-json\/wp\/v2\/tags?post=132168"}],"curies":[{"name":"wp","href":"https:\/\/api.w.org\/{rel}","templated":true}]}}