{"id":132172,"date":"2019-11-02T11:07:15","date_gmt":"2019-11-02T14:07:15","guid":{"rendered":"http:\/\/www.caririemacao.com\/1\/?p=132172"},"modified":"2019-11-02T11:07:15","modified_gmt":"2019-11-02T14:07:15","slug":"vice-prefeita-representa-sao-jose-do-cordeiros-em-encontro-do-selo-social-prefeitura-parceira-das-mulheres","status":"publish","type":"post","link":"https:\/\/www.caririemacao.com\/1\/2019\/11\/02\/vice-prefeita-representa-sao-jose-do-cordeiros-em-encontro-do-selo-social-prefeitura-parceira-das-mulheres\/","title":{"rendered":"Vice-prefeita representa S\u00e3o Jos\u00e9 do Cordeiros em encontro do \u201cSelo Social Prefeitura Parceira das Mulheres\u201d"},"content":{"rendered":"\n<p>S\u00e3o Jos\u00e9 dos Cordeiros foi uma das 50 cidades da Para\u00edba a aderirem ao pr\u00eamio Selo Social \u201cPrefeitura Parceira das Mulheres\u201d, promovido pelo Governo do Estado em parceria com a Federa\u00e7\u00e3o das Associa\u00e7\u00f5es de Munic\u00edpios da Para\u00edba (Famup). A iniciativa visa estimular pol\u00edticas p\u00fablicas destinadas a promo\u00e7\u00e3o dos direitos das mulheres e equidade de g\u00eanero, desenvolvidas pelas prefeituras da Para\u00edba, considerando as potencialidades de cada munic\u00edpio.<\/p>\n\n\n\n<p>O munic\u00edpio de S\u00e3o Jos\u00e9 dos Cordeiros fez parte do seleto grupo de prefeituras a aderirem ao selo e enviou para represent\u00e1-lo neste primeiro encontro a vice-prefeita Lourdes Dantas. Mulher e l\u00edder pol\u00edtica h\u00e1 muitos anos, Lourdes Dantas participou do encontro, que teve como objetivo inicial a discuss\u00e3o de pol\u00edticas de enfrentamento \u00e1 viol\u00eancia contra a mulher.<\/p>\n\n\n\n<p>A partir de agora come\u00e7a a segunda fase do Selo \u201cPrefeitura Parceira das Mulheres\u201d com a realiza\u00e7\u00e3o das a\u00e7\u00f5es das prefeituras e entrega de relat\u00f3rio, de acordo com edital, previsto para janeiro e fevereiro de 2020. As prefeituras devem desenvolver pr\u00e1ticas inovadoras e comprometidas com as mulheres em toda sua diversidade e a lista dos munic\u00edpios vencedores ser\u00e1 divulgada em fevereiro de 2020, com solenidade de entrega em mar\u00e7o, dentro da programa\u00e7\u00e3o do 8 de Mar\u00e7o \u2013 Dia Internacional da Mulher.<\/p>\n\n\n\n<p>Para a vice-prefeita Lourdes Dantas, apenas a ades\u00e3o da Prefeitura de S\u00e3o Jos\u00e9 dos Cordeiros neste selo j\u00e1 demonstra o compromisso da gest\u00e3o com as mulheres e as pol\u00edticas p\u00fablicas de g\u00eanero. \u201cN\u00f3s j\u00e1 temos um trabalho inovador no munic\u00edpio que foi a capacita\u00e7\u00e3o e compra de equipamento para produ\u00e7\u00e3o de vassouras junto a algumas mulheres; vamos continuar promovendo novas a\u00e7\u00f5es, especialmente de enfrentamento contra a viol\u00eancia dom\u00e9stica, e esperamos cumprir com nossas metas junto ao Selo\u201d, destacou a vice-prefeita.<\/p>\n","protected":false},"excerpt":{"rendered":"<p>S\u00e3o Jos\u00e9 dos Cordeiros foi uma das 50 cidades da Para\u00edba a aderirem ao pr\u00eamio Selo Social \u201cPrefeitura Parceira das Mulheres\u201d, promovido pelo Governo do&hellip; <\/p>\n","protected":false},"author":1,"featured_media":132173,"comment_status":"closed","ping_status":"closed","sticky":false,"template":"","format":"standard","meta":{"sfsi_plus_gutenberg_text_before_share":"","sfsi_plus_gutenberg_show_text_before_share":"","sfsi_plus_gutenberg_icon_type":"","sfsi_plus_gutenberg_icon_alignemt":"","sfsi_plus_gutenburg_max_per_row":"","footnotes":""},"categories":[6],"tags":[],"class_list":["post-132172","post","type-post","status-publish","format-standard","has-post-thumbnail","hentry","category-cidades"],"_links":{"self":[{"href":"https:\/\/www.caririemacao.com\/1\/wp-json\/wp\/v2\/posts\/132172","targetHints":{"allow":["GET"]}}],"collection":[{"href":"https:\/\/www.caririemacao.com\/1\/wp-json\/wp\/v2\/posts"}],"about":[{"href":"https:\/\/www.caririemacao.com\/1\/wp-json\/wp\/v2\/types\/post"}],"author":[{"embeddable":true,"href":"https:\/\/www.caririemacao.com\/1\/wp-json\/wp\/v2\/users\/1"}],"replies":[{"embeddable":true,"href":"https:\/\/www.caririemacao.com\/1\/wp-json\/wp\/v2\/comments?post=132172"}],"version-history":[{"count":1,"href":"https:\/\/www.caririemacao.com\/1\/wp-json\/wp\/v2\/posts\/132172\/revisions"}],"predecessor-version":[{"id":132174,"href":"https:\/\/www.caririemacao.com\/1\/wp-json\/wp\/v2\/posts\/132172\/revisions\/132174"}],"wp:featuredmedia":[{"embeddable":true,"href":"https:\/\/www.caririemacao.com\/1\/wp-json\/wp\/v2\/media\/132173"}],"wp:attachment":[{"href":"https:\/\/www.caririemacao.com\/1\/wp-json\/wp\/v2\/media?parent=132172"}],"wp:term":[{"taxonomy":"category","embeddable":true,"href":"https:\/\/www.caririemacao.com\/1\/wp-json\/wp\/v2\/categories?post=132172"},{"taxonomy":"post_tag","embeddable":true,"href":"https:\/\/www.caririemacao.com\/1\/wp-json\/wp\/v2\/tags?post=132172"}],"curies":[{"name":"wp","href":"https:\/\/api.w.org\/{rel}","templated":true}]}}