{"id":132182,"date":"2019-11-02T11:20:58","date_gmt":"2019-11-02T14:20:58","guid":{"rendered":"http:\/\/www.caririemacao.com\/1\/?p=132182"},"modified":"2019-11-02T11:20:58","modified_gmt":"2019-11-02T14:20:58","slug":"governador-do-maranhao-deve-visitar-campina-grande-este-mes","status":"publish","type":"post","link":"https:\/\/www.caririemacao.com\/1\/2019\/11\/02\/governador-do-maranhao-deve-visitar-campina-grande-este-mes\/","title":{"rendered":"Governador do Maranh\u00e3o deve visitar Campina Grande este m\u00eas"},"content":{"rendered":"\n<p>O deputado estadual In\u00e1cio Falc\u00e3o (PCdoB) afirmou, em entrevista \u00e0 R\u00e1dio Panor\u00e2mica FM, que o governador Fl\u00e1vio Dino (PCdoB) estar\u00e1 em Campina Grande este m\u00eas para proferir uma palestra sobre gest\u00e3o p\u00fablica e modifica\u00e7\u00f5es na Constitui\u00e7\u00e3o na Ordem dos Advogados do Brasil, subsec\u00e7\u00e3o Campina Grande.<\/p>\n\n\n\n<p>Ele citou que Fl\u00e1vio possui conhecimento sobre a \u00e1rea jur\u00eddica e j\u00e1 atuou como jurista federal.<\/p>\n\n\n\n<p>Segundo In\u00e1cio, Campina Grande est\u00e1 dentro da agenda de prioridades do PCdoB nacional e frisou que esse tipo de discuss\u00e3o \u00e9 importante para a cidade.<\/p>\n\n\n\n<p>\u2013 Campina Grande hoje est\u00e1 na rota de prioridade do PCdoB a n\u00edvel nacional, ent\u00e3o s\u00e3o v\u00e1rias discuss\u00f5es que estamos levando para o partido. Estamos recebendo no m\u00eas de novembro o governador Fl\u00e1vio Dino em uma audi\u00eancia da OAB em uma grande palestra sobre gest\u00e3o p\u00fablica, modifica\u00e7\u00f5es de pleitos na Constitui\u00e7\u00e3o e transpar\u00eancia \u2013 disse.<\/p>\n","protected":false},"excerpt":{"rendered":"<p>O deputado estadual In\u00e1cio Falc\u00e3o (PCdoB) afirmou, em entrevista \u00e0 R\u00e1dio Panor\u00e2mica FM, que o governador Fl\u00e1vio Dino (PCdoB) estar\u00e1 em Campina Grande este m\u00eas&hellip; <\/p>\n","protected":false},"author":1,"featured_media":132183,"comment_status":"closed","ping_status":"closed","sticky":false,"template":"","format":"standard","meta":{"sfsi_plus_gutenberg_text_before_share":"","sfsi_plus_gutenberg_show_text_before_share":"","sfsi_plus_gutenberg_icon_type":"","sfsi_plus_gutenberg_icon_alignemt":"","sfsi_plus_gutenburg_max_per_row":"","footnotes":""},"categories":[11],"tags":[],"class_list":["post-132182","post","type-post","status-publish","format-standard","has-post-thumbnail","hentry","category-politica"],"_links":{"self":[{"href":"https:\/\/www.caririemacao.com\/1\/wp-json\/wp\/v2\/posts\/132182","targetHints":{"allow":["GET"]}}],"collection":[{"href":"https:\/\/www.caririemacao.com\/1\/wp-json\/wp\/v2\/posts"}],"about":[{"href":"https:\/\/www.caririemacao.com\/1\/wp-json\/wp\/v2\/types\/post"}],"author":[{"embeddable":true,"href":"https:\/\/www.caririemacao.com\/1\/wp-json\/wp\/v2\/users\/1"}],"replies":[{"embeddable":true,"href":"https:\/\/www.caririemacao.com\/1\/wp-json\/wp\/v2\/comments?post=132182"}],"version-history":[{"count":1,"href":"https:\/\/www.caririemacao.com\/1\/wp-json\/wp\/v2\/posts\/132182\/revisions"}],"predecessor-version":[{"id":132184,"href":"https:\/\/www.caririemacao.com\/1\/wp-json\/wp\/v2\/posts\/132182\/revisions\/132184"}],"wp:featuredmedia":[{"embeddable":true,"href":"https:\/\/www.caririemacao.com\/1\/wp-json\/wp\/v2\/media\/132183"}],"wp:attachment":[{"href":"https:\/\/www.caririemacao.com\/1\/wp-json\/wp\/v2\/media?parent=132182"}],"wp:term":[{"taxonomy":"category","embeddable":true,"href":"https:\/\/www.caririemacao.com\/1\/wp-json\/wp\/v2\/categories?post=132182"},{"taxonomy":"post_tag","embeddable":true,"href":"https:\/\/www.caririemacao.com\/1\/wp-json\/wp\/v2\/tags?post=132182"}],"curies":[{"name":"wp","href":"https:\/\/api.w.org\/{rel}","templated":true}]}}