{"id":132186,"date":"2019-11-02T11:23:46","date_gmt":"2019-11-02T14:23:46","guid":{"rendered":"http:\/\/www.caririemacao.com\/1\/?p=132186"},"modified":"2019-11-02T11:23:46","modified_gmt":"2019-11-02T14:23:46","slug":"ex-governador-afirma-que-mesmo-longe-sua-gestao-ainda-pauta-a-paraiba","status":"publish","type":"post","link":"https:\/\/www.caririemacao.com\/1\/2019\/11\/02\/ex-governador-afirma-que-mesmo-longe-sua-gestao-ainda-pauta-a-paraiba\/","title":{"rendered":"Ex-governador afirma que mesmo longe sua gest\u00e3o ainda pauta a Para\u00edba"},"content":{"rendered":"\n<p>O ex-governador da Para\u00edba, Ricardo Coutinho (PSB) que se encontra em viagem \u00e0 Europa, usou a internet para fazer provoca\u00e7\u00f5es ao&nbsp;<a href=\"https:\/\/paraibaonline.com.br\/2019\/11\/governador-responde-a-criticas-do-ex-gestor-ricardo-coutinho-feitas-na-internet\/\">atual governador da Para\u00edba, Jo\u00e3o Azevedo (PSB)<\/a>, em rela\u00e7\u00e3o a demora nas inaugura\u00e7\u00f5es de obras deixadas pela sua administra\u00e7\u00e3o e que mesmo estando longe do governo suas a\u00e7\u00f5es ainda pautam a Para\u00edba.<\/p>\n\n\n\n<p>Segundo Coutinho, 18 meses ap\u00f3s o in\u00edcio da rodovia, a PB 082, que liga o munic\u00edpio de Pilar a Itabaiana, est\u00e1 sendo inaugurada, cuja obra faz parte do maior programa de pavimenta\u00e7\u00e3o j\u00e1 realizado no Estado, o Caminhos da Para\u00edba, com 2.680 km.<\/p>\n\n\n\n<p>\u201cA hist\u00f3ria se faz com a\u00e7\u00e3o\u201d, enfatizou o gestor no seu perfil socia00l no Twitter.<\/p>\n\n\n\n<p>Ricardo escreveu ainda que nove meses ap\u00f3s o t\u00e9rmino do seu mandato, a sua gest\u00e3o ainda pauta a agenda da Para\u00edba, n\u00e3o apenas nas mais de 120 obras deles que est\u00e3o sendo inauguradas, mas tamb\u00e9m nas pol\u00edticas sociais estrat\u00e9gicas que foram implantadas, no equil\u00edbrio fiscal e na postura de vanguarda na pol\u00edtica nacional<\/p>\n\n\n\n<p>\u201c\u00c9 por isso que essa campanha urdida contra o nosso legado n\u00e3o prosperar\u00e1. O Povo sentiu nas suas vidas o desconhecido: Um Estado presente, transformando as diferentes realidades existentes na PB. Nunca o dinheiro p\u00fablico se viu t\u00e3o presente em obras e a\u00e7\u00f5es para o povo. Avan\u00e7o!\u201d, desabafou o gestor.<\/p>\n\n\n\n<p>O ex- governador ainda exaltou ou louros recebidos na sua gest\u00e3o atrav\u00e9s do pr\u00eamio do CLP das Boas Pr\u00e1ticas com o Programa Para\u00edba Unida pela Paz. Para ele, o reconhecimento \u00e9 a demonstra\u00e7\u00e3o que Seguran\u00e7a \u00e9 pol\u00edtica p\u00fablica e n\u00e3o ignor\u00e2ncia e barb\u00e1rie.<\/p>\n\n\n\n<p>\u201cTodos indicadores da PB positivaram nesses anos. O Para\u00edba Unida Pela Paz fez com que f\u00f4ssemos o \u00fanico Estado no Brasil a reduzir o n\u00famero de homic\u00eddios 7 anos seguidos. O \u00danico. Enquanto os c\u00e3es ladram, a Caravana passa\u201d, destacou agradecendo a defer\u00eancia ao ex-secret\u00e1rio de Seguran\u00e7a Claudio Lima, ao Comandante Geral Coronel Euller, Jean Francisco, Jo\u00e3o Alves, Isa\u00edas Gualberto e o ao Coronel Anderson Soares.<\/p>\n","protected":false},"excerpt":{"rendered":"<p>O ex-governador da Para\u00edba, Ricardo Coutinho (PSB) que se encontra em viagem \u00e0 Europa, usou a internet para fazer provoca\u00e7\u00f5es ao&nbsp;atual governador da Para\u00edba, Jo\u00e3o&hellip; <\/p>\n","protected":false},"author":1,"featured_media":33846,"comment_status":"closed","ping_status":"closed","sticky":false,"template":"","format":"standard","meta":{"sfsi_plus_gutenberg_text_before_share":"","sfsi_plus_gutenberg_show_text_before_share":"","sfsi_plus_gutenberg_icon_type":"","sfsi_plus_gutenberg_icon_alignemt":"","sfsi_plus_gutenburg_max_per_row":"","footnotes":""},"categories":[11],"tags":[],"class_list":["post-132186","post","type-post","status-publish","format-standard","has-post-thumbnail","hentry","category-politica"],"_links":{"self":[{"href":"https:\/\/www.caririemacao.com\/1\/wp-json\/wp\/v2\/posts\/132186","targetHints":{"allow":["GET"]}}],"collection":[{"href":"https:\/\/www.caririemacao.com\/1\/wp-json\/wp\/v2\/posts"}],"about":[{"href":"https:\/\/www.caririemacao.com\/1\/wp-json\/wp\/v2\/types\/post"}],"author":[{"embeddable":true,"href":"https:\/\/www.caririemacao.com\/1\/wp-json\/wp\/v2\/users\/1"}],"replies":[{"embeddable":true,"href":"https:\/\/www.caririemacao.com\/1\/wp-json\/wp\/v2\/comments?post=132186"}],"version-history":[{"count":1,"href":"https:\/\/www.caririemacao.com\/1\/wp-json\/wp\/v2\/posts\/132186\/revisions"}],"predecessor-version":[{"id":132187,"href":"https:\/\/www.caririemacao.com\/1\/wp-json\/wp\/v2\/posts\/132186\/revisions\/132187"}],"wp:featuredmedia":[{"embeddable":true,"href":"https:\/\/www.caririemacao.com\/1\/wp-json\/wp\/v2\/media\/33846"}],"wp:attachment":[{"href":"https:\/\/www.caririemacao.com\/1\/wp-json\/wp\/v2\/media?parent=132186"}],"wp:term":[{"taxonomy":"category","embeddable":true,"href":"https:\/\/www.caririemacao.com\/1\/wp-json\/wp\/v2\/categories?post=132186"},{"taxonomy":"post_tag","embeddable":true,"href":"https:\/\/www.caririemacao.com\/1\/wp-json\/wp\/v2\/tags?post=132186"}],"curies":[{"name":"wp","href":"https:\/\/api.w.org\/{rel}","templated":true}]}}