{"id":132194,"date":"2019-11-02T11:28:14","date_gmt":"2019-11-02T14:28:14","guid":{"rendered":"http:\/\/www.caririemacao.com\/1\/?p=132194"},"modified":"2019-11-02T11:28:14","modified_gmt":"2019-11-02T14:28:14","slug":"ministro-da-saude-manifesta-preocupacao-com-a-dengue-no-verao","status":"publish","type":"post","link":"https:\/\/www.caririemacao.com\/1\/2019\/11\/02\/ministro-da-saude-manifesta-preocupacao-com-a-dengue-no-verao\/","title":{"rendered":"Ministro da Sa\u00fade manifesta preocupa\u00e7\u00e3o com a dengue no ver\u00e3o"},"content":{"rendered":"\n<p>O ministro da Sa\u00fade, Luiz Henrique Mandetta, manifestou hoje (1\u00ba) preocupa\u00e7\u00e3o com a possibilidade de aumento do n\u00famero de casos de dengue no pa\u00eds no ver\u00e3o de 2020.<\/p>\n\n\n\n<p>\u201cEste ano vamos ter um aumento de caso principalmente no Nordeste do pa\u00eds, Bahia. Tivemos a reentrada do sorotipo 2, h\u00e1 dois anos, e no ano passado isso fez um estrago muito grande no estado de S\u00e3o Paulo, na regi\u00e3o de Bauru.<\/p>\n\n\n\n<p>Depois ela [dengue] reentrou por Goi\u00e1s, Tocantins \u2013 foi um n\u00famero muito grande de casos, porque o sorotipo 2 h\u00e1 muitos anos n\u00e3o circulava no Brasil, ent\u00e3o agora ele volta com for\u00e7a total\u201d, afirmou Mandetta.<\/p>\n\n\n\n<p>Apesar disso, o ministro destacou os avan\u00e7os da pesquisa com a vacina contra a dengue, que poder\u00e1 ser liberada em 2020.<\/p>\n\n\n\n<p>\u201cEstamos na fase final. Quando termina a fase 3, apresentam-se os n\u00fameros, consolida-se e pede-se registro. Acredito que \u00e9 para um futuro muito pr\u00f3ximo. No ano que vem, acho que vamos ter a vacina dispon\u00edvel, acreditando nos n\u00fameros, na ci\u00eancia, sendo otimistas.\u201d<\/p>\n\n\n\n<p>O ministro ressaltou que a vacina poder\u00e1 ser aplicada em dose \u00fanica. \u201cNa fase 3, ela [vacina] se revelou com mais de 89% de efic\u00e1cia para qualquer faixa et\u00e1ria dos 2 aos 60 anos, em dose \u00fanica. A grande alternativa que o Brasil vai dar para a humanidade \u00e9 que a vacina possa sair em dose \u00fanica\u201d, afirmou.<\/p>\n\n\n\n<p>Mandetta participou nesta sexta-feira, em S\u00e3o Paulo, da reuni\u00e3o com ministros da Sa\u00fade do Mercosul. Os temas discutidos foram cobertura vacinal, banco de leite materno e negocia\u00e7\u00e3o de compra de medicamentos. Al\u00e9m de Mandetta, participaram representantes da Argentina, do Uruguai e do Paraguai.<\/p>\n\n\n\n<figure class=\"wp-block-image\"><img decoding=\"async\" data-src=\"https:\/\/paraibaonline.com.br\/wp-content\/uploads\/2018\/08\/aedes_dengue_zika.jpg\" alt=\"Foto: Ilustrativa\" class=\"wp-image-490059 lazyload\" src=\"data:image\/svg+xml;base64,PHN2ZyB3aWR0aD0iMSIgaGVpZ2h0PSIxIiB4bWxucz0iaHR0cDovL3d3dy53My5vcmcvMjAwMC9zdmciPjwvc3ZnPg==\" \/><\/figure>\n\n\n\n<p>Foto: Ilustrativa<\/p>\n\n\n\n<p>A reuni\u00e3o foi no Instituto Butantan, respons\u00e1vel pelos imunobiol\u00f3gicos oferecidos pelo Sistema \u00danico de Sa\u00fade (SUS), tais como as vacinas contra influenza, hepatite A, HPV, raiva humana (Vero) e dTpa adulto (gestante).<\/p>\n\n\n\n<p>Neste ano, o governo federal destinou R$ 1,6 bilh\u00e3o para aquisi\u00e7\u00e3o de 81,3 milh\u00f5es de doses de vacinas do Laborat\u00f3rio Butantan.<\/p>\n\n\n\n<p>Sarampo<br>Sobre o surto de sarampo no pa\u00eds no ano passado e neste ano, o ministro disse que trata-se de uma doen\u00e7a que \u00e9 preocupa\u00e7\u00e3o em todas as Am\u00e9ricas.<\/p>\n\n\n\n<p>\u201cVimos a introdu\u00e7\u00e3o do sarampo pela Venezuela, depois pelo Porto de Santos, em S\u00e3o Paulo, por turistas europeus no carnaval de 2019, e a vacina\u00e7\u00e3o irregular de anos anteriores causa esse surto de sarampo no estado de S\u00e3o Paulo, que \u00e9 a cidade distribuidora de voos da Am\u00e9rica do Sul\u201d, explicou.<\/p>\n\n\n\n<p>De acordo com Mandetta, a reuni\u00e3o de hoje n\u00e3o foi para tomar nenhuma medida nova quanto \u00e0 vacina\u00e7\u00e3o do sarampo, embora a\u00e7\u00f5es j\u00e1 estejam sendo feitas nesse sentido.<\/p>\n\n\n\n<p>\u201cFizemos o lan\u00e7amento da [pesquisa] Sa\u00fade nas Fronteiras em Cuiab\u00e1, que \u00e9 o centro geod\u00e9sico da Am\u00e9rica do Sul, depois fizemos a vacina\u00e7\u00e3o simb\u00f3lica, onde estive com o ministro da sa\u00fade do Paraguai na cidade de Ponta Por\u00e3, do lado brasileiro, e Pedro Juan Caballero, do lado paraguaio. Tamb\u00e9m tivemos a\u00e7\u00f5es na Ponte da Amizade, na Tr\u00edplice Alian\u00e7a, e temos feito campanhas de vacina\u00e7\u00e3o nas faixas de fronteira dos dois pa\u00edses [Brasil e Paraguai]\u201d.<\/p>\n\n\n\n<p>Para o ministro, o surto de sarampo no pa\u00eds \u00e9 consequ\u00eancia. \u201cO Brasil vem vacinando mal h\u00e1 mais de 10 anos, o nosso Programa Nacional de Imuniza\u00e7\u00f5es j\u00e1 foi considerado um programa de excel\u00eancia, relaxou, desabasteceu v\u00e1rias vezes\u201d, reconheceu.<\/p>\n\n\n\n<p>Mandetta lembrou que, durante a campanha de vacina\u00e7\u00e3o, praticamente todos os estados bateram a meta, exceto o Rio de Janeiro, o que deve gerar novo surto.<\/p>\n\n\n\n<p>\u201cSe o Rio de Janeiro mantiver baixos \u00edndices de vacina\u00e7\u00e3o, teremos um surto no Rio de Janeiro. A Bahia tamb\u00e9m n\u00e3o atingiu sequer 80%, o Par\u00e1 tamb\u00e9m fez um n\u00famero baixo de vacina\u00e7\u00e3o. O Cear\u00e1 \u00e9 o estado que melhor vacina.\u201d<\/p>\n\n\n\n<p>O ministro informou que a campanha de vacina\u00e7\u00e3o contra o sarampo vai se concentrar agora na popula\u00e7\u00e3o de 20 a 29 anos.<\/p>\n\n\n\n<p>\u201cH\u00e1 30 anos era recomendada apenas uma dose da vacina, aos 9 meses, mas viram que, com que o tempo passando, essa imunidade \u00e9 muito baixa. Esse grupo (20 a 29 anos) \u00e9 o que mais sustenta o sarampo circulando; ent\u00e3o, vamos fazer a segunda dose, durante todo o m\u00eas de dezembro.\u201d<\/p>\n","protected":false},"excerpt":{"rendered":"<p>O ministro da Sa\u00fade, Luiz Henrique Mandetta, manifestou hoje (1\u00ba) preocupa\u00e7\u00e3o com a possibilidade de aumento do n\u00famero de casos de dengue no pa\u00eds no&hellip; <\/p>\n","protected":false},"author":1,"featured_media":89213,"comment_status":"closed","ping_status":"closed","sticky":false,"template":"","format":"standard","meta":{"sfsi_plus_gutenberg_text_before_share":"","sfsi_plus_gutenberg_show_text_before_share":"","sfsi_plus_gutenberg_icon_type":"","sfsi_plus_gutenberg_icon_alignemt":"","sfsi_plus_gutenburg_max_per_row":"","footnotes":""},"categories":[16],"tags":[],"class_list":["post-132194","post","type-post","status-publish","format-standard","has-post-thumbnail","hentry","category-saude"],"_links":{"self":[{"href":"https:\/\/www.caririemacao.com\/1\/wp-json\/wp\/v2\/posts\/132194","targetHints":{"allow":["GET"]}}],"collection":[{"href":"https:\/\/www.caririemacao.com\/1\/wp-json\/wp\/v2\/posts"}],"about":[{"href":"https:\/\/www.caririemacao.com\/1\/wp-json\/wp\/v2\/types\/post"}],"author":[{"embeddable":true,"href":"https:\/\/www.caririemacao.com\/1\/wp-json\/wp\/v2\/users\/1"}],"replies":[{"embeddable":true,"href":"https:\/\/www.caririemacao.com\/1\/wp-json\/wp\/v2\/comments?post=132194"}],"version-history":[{"count":1,"href":"https:\/\/www.caririemacao.com\/1\/wp-json\/wp\/v2\/posts\/132194\/revisions"}],"predecessor-version":[{"id":132195,"href":"https:\/\/www.caririemacao.com\/1\/wp-json\/wp\/v2\/posts\/132194\/revisions\/132195"}],"wp:featuredmedia":[{"embeddable":true,"href":"https:\/\/www.caririemacao.com\/1\/wp-json\/wp\/v2\/media\/89213"}],"wp:attachment":[{"href":"https:\/\/www.caririemacao.com\/1\/wp-json\/wp\/v2\/media?parent=132194"}],"wp:term":[{"taxonomy":"category","embeddable":true,"href":"https:\/\/www.caririemacao.com\/1\/wp-json\/wp\/v2\/categories?post=132194"},{"taxonomy":"post_tag","embeddable":true,"href":"https:\/\/www.caririemacao.com\/1\/wp-json\/wp\/v2\/tags?post=132194"}],"curies":[{"name":"wp","href":"https:\/\/api.w.org\/{rel}","templated":true}]}}