{"id":132196,"date":"2019-11-02T11:29:03","date_gmt":"2019-11-02T14:29:03","guid":{"rendered":"http:\/\/www.caririemacao.com\/1\/?p=132196"},"modified":"2019-11-02T11:29:03","modified_gmt":"2019-11-02T14:29:03","slug":"joao-azevedo-sanciona-titulo-de-cidadao-paraibano-ao-vice-presidente-mourao","status":"publish","type":"post","link":"https:\/\/www.caririemacao.com\/1\/2019\/11\/02\/joao-azevedo-sanciona-titulo-de-cidadao-paraibano-ao-vice-presidente-mourao\/","title":{"rendered":"Jo\u00e3o Azev\u00eado sanciona T\u00edtulo de Cidad\u00e3o Paraibano ao vice-presidente Mour\u00e3o"},"content":{"rendered":"\n<p>O governador da Para\u00edba, Jo\u00e3o Azev\u00eado sancionou o T\u00edtulo de Cidad\u00e3o Paraibano, ao vice-presidente da Rep\u00fablica Hamilton Mour\u00e3o. A propositura \u00e9 do deputado delegado Walber Virgolino.<\/p>\n\n\n\n<p>O projeto de lei n\u00ba 11.485 foi publicado no Di\u00e1rio Oficial deste s\u00e1bado (2).<\/p>\n\n\n\n<p>O projeto foi aprovado no plen\u00e1rio da&nbsp;<a href=\"https:\/\/www.clickpb.com.br\/politica\/alpb-aprova-titulo-de-cidadao-paraibano-para-o-vice-presidente-hamilton-mourao-270910.html\">Assembleia Legislativa da Para\u00edba (ALPB),<\/a>na&nbsp;ter\u00e7a-feira (29).<\/p>\n\n\n\n<figure class=\"wp-block-image\"><img decoding=\"async\" data-src=\"https:\/\/www.clickpb.com.br\/media\/filer_public\/08\/bc\/08bc0e54-8e1b-41ea-989a-85b8f8e42ea0\/mourao.png\" alt=\"\" src=\"data:image\/svg+xml;base64,PHN2ZyB3aWR0aD0iMSIgaGVpZ2h0PSIxIiB4bWxucz0iaHR0cDovL3d3dy53My5vcmcvMjAwMC9zdmciPjwvc3ZnPg==\" class=\"lazyload\" \/><\/figure>\n","protected":false},"excerpt":{"rendered":"<p>O governador da Para\u00edba, Jo\u00e3o Azev\u00eado sancionou o T\u00edtulo de Cidad\u00e3o Paraibano, ao vice-presidente da Rep\u00fablica Hamilton Mour\u00e3o. A propositura \u00e9 do deputado delegado Walber&hellip; <\/p>\n","protected":false},"author":1,"featured_media":84142,"comment_status":"closed","ping_status":"closed","sticky":false,"template":"","format":"standard","meta":{"sfsi_plus_gutenberg_text_before_share":"","sfsi_plus_gutenberg_show_text_before_share":"","sfsi_plus_gutenberg_icon_type":"","sfsi_plus_gutenberg_icon_alignemt":"","sfsi_plus_gutenburg_max_per_row":"","footnotes":""},"categories":[11],"tags":[],"class_list":["post-132196","post","type-post","status-publish","format-standard","has-post-thumbnail","hentry","category-politica"],"_links":{"self":[{"href":"https:\/\/www.caririemacao.com\/1\/wp-json\/wp\/v2\/posts\/132196","targetHints":{"allow":["GET"]}}],"collection":[{"href":"https:\/\/www.caririemacao.com\/1\/wp-json\/wp\/v2\/posts"}],"about":[{"href":"https:\/\/www.caririemacao.com\/1\/wp-json\/wp\/v2\/types\/post"}],"author":[{"embeddable":true,"href":"https:\/\/www.caririemacao.com\/1\/wp-json\/wp\/v2\/users\/1"}],"replies":[{"embeddable":true,"href":"https:\/\/www.caririemacao.com\/1\/wp-json\/wp\/v2\/comments?post=132196"}],"version-history":[{"count":1,"href":"https:\/\/www.caririemacao.com\/1\/wp-json\/wp\/v2\/posts\/132196\/revisions"}],"predecessor-version":[{"id":132197,"href":"https:\/\/www.caririemacao.com\/1\/wp-json\/wp\/v2\/posts\/132196\/revisions\/132197"}],"wp:featuredmedia":[{"embeddable":true,"href":"https:\/\/www.caririemacao.com\/1\/wp-json\/wp\/v2\/media\/84142"}],"wp:attachment":[{"href":"https:\/\/www.caririemacao.com\/1\/wp-json\/wp\/v2\/media?parent=132196"}],"wp:term":[{"taxonomy":"category","embeddable":true,"href":"https:\/\/www.caririemacao.com\/1\/wp-json\/wp\/v2\/categories?post=132196"},{"taxonomy":"post_tag","embeddable":true,"href":"https:\/\/www.caririemacao.com\/1\/wp-json\/wp\/v2\/tags?post=132196"}],"curies":[{"name":"wp","href":"https:\/\/api.w.org\/{rel}","templated":true}]}}