{"id":132203,"date":"2019-11-02T14:55:52","date_gmt":"2019-11-02T17:55:52","guid":{"rendered":"http:\/\/www.caririemacao.com\/1\/?p=132203"},"modified":"2019-11-02T14:55:52","modified_gmt":"2019-11-02T17:55:52","slug":"bolsonaro-alega-que-estava-internado-na-campanha-e-que-desconhece-laranjas","status":"publish","type":"post","link":"https:\/\/www.caririemacao.com\/1\/2019\/11\/02\/bolsonaro-alega-que-estava-internado-na-campanha-e-que-desconhece-laranjas\/","title":{"rendered":"Bolsonaro alega que estava internado na campanha e que desconhece \u2018laranjas\u2019"},"content":{"rendered":"\n<p>O presidente Jair Bolsonaro (PSL) disse desconhecer irregularidades em candidaturas de mulheres em seu partido durante as&nbsp;elei\u00e7\u00f5es de 2018.<\/p>\n\n\n\n<p>\u201cDurante a campanha toda eu estava no hospital ou em casa, em convalescen\u00e7a. Desconhe\u00e7o esse assunto ai\u201d, afirmou Bolsonaro ao deixar o Pal\u00e1cio da Alvorada na manh\u00e3 deste s\u00e1bado (2).<\/p>\n\n\n\n<p>Alvo de uma facada durante ato de campanha em 6 de setembro de 2018, o presidente passou mais de 20 dias internado e permaneceu a maior parte do tempo em casa, em recupera\u00e7\u00e3o do atentado sofrido.<\/p>\n\n\n\n<p>Reportagem da Folha de S.Paulo&nbsp;mostrou neste s\u00e1bado que uma dirigente do PSL em Pernambuco nas \u00faltimas elei\u00e7\u00f5es afirmou \u00e0 Pol\u00edcia Federal que o partido cometeu irregularidades durante a campanha de 2018 e que, em seu estado, mulheres da legenda s\u00f3 foram chamadas \u00e0 disputa para cumprir a cota m\u00ednima obrigat\u00f3ria de 30% de candidatas.<\/p>\n\n\n\n<p>Em Pernambuco, o PSL \u00e9 comandado politicamente pelo deputado federal Luciano Bivar, presidente nacional da legenda e hoje em atrito com Bolsonaro.<\/p>\n\n\n\n<p>O depoimento \u00e0 PF foi de Bete Oliveira, presidente do PSL Mulher de Pernambuco em 2018. Bete, cujo nome de batismo \u00e9 Maria Jos\u00e9 de Oliveira, foi candidata derrotada \u00e0 C\u00e2mara dos Deputados, tendo recebido 2.529 votos.<\/p>\n\n\n\n<figure class=\"wp-block-image\"><img decoding=\"async\" data-src=\"https:\/\/paraibaonline.com.br\/wp-content\/uploads\/2019\/11\/BOLSONARO-1-567x378.jpg\" alt=\"Foto: Marcello Casal Jr\/Ag\u00eancia Brasil\" class=\"wp-image-816629 lazyload\" src=\"data:image\/svg+xml;base64,PHN2ZyB3aWR0aD0iMSIgaGVpZ2h0PSIxIiB4bWxucz0iaHR0cDovL3d3dy53My5vcmcvMjAwMC9zdmciPjwvc3ZnPg==\" style=\"--smush-placeholder-width: 567px; --smush-placeholder-aspect-ratio: 567\/378;\" \/><\/figure>\n\n\n\n<p>Foto: Marcello Casal Jr\/Ag\u00eancia Brasil<\/p>\n\n\n\n<p>Em dois depoimentos prestados em mar\u00e7o e abril nas investiga\u00e7\u00f5es sobre o esquema de candidaturas de laranjas do PSL em Pernambuco, a ex-dirigente afirma que, ap\u00f3s a entrada de Bolsonaro no partido, no in\u00edcio de 2018, cresceu o n\u00famero de candidaturas masculinas na sigla, o que levou o diret\u00f3rio do seu estado a inscrever mais mulheres candidatas. A lei exige uma cota m\u00ednima de g\u00eanero de 30%.<\/p>\n\n\n\n<p>Questionado sobre seu futuro partid\u00e1rio, ap\u00f3s criticar publicamente Bivar e o PSL, o presidente n\u00e3o respondeu.<\/p>\n\n\n\n<p>Indagado se uma possibilidade seria um partido militar, limitou-se a responder que \u00e9 \u201caquela menina bonita sem namorado\u201d.<\/p>\n\n\n\n<p>\u201cO pessoal est\u00e1\u2026. eu fico muito feliz em ter v\u00e1rios convites\u201d, disse.<\/p>\n\n\n\n<p>Bolsonaro deixou o Alvorada pela manh\u00e3 acompanhado do ministro-chefe da Secretaria de Governo, Luiz Eduardo Ramos. Eles foram juntos a uma concession\u00e1ria a 14 km da resid\u00eancia oficial da Presid\u00eancia para buscar uma motocicleta comprada pelo presidente.<\/p>\n\n\n\n<p>O ve\u00edculo adquirido por Bolsonaro \u00e9 uma Honda NC 750 X. De acordo com informa\u00e7\u00f5es do site da concession\u00e1ria, a moto custa R$ 33.980,00.<\/p>\n\n\n\n<p>Ao sair do Alvorada, o presidente disse que comprou a motocicleta com seu pr\u00f3prio cart\u00e3o e que \u201cn\u00e3o ganhou de presente de ningu\u00e9m\u201d, arrancando aplausos de apoiadores.<\/p>\n\n\n\n<p>Ele disse que \u201cpretende\u201d s\u00f3 andar dentro da \u00e1rea de casa, mas que n\u00e3o garantia que ficaria restrito ao per\u00edmetro do Alvorada.<\/p>\n\n\n\n<p>Ao chegar \u00e0 loja, foi questionado pela reportagem&nbsp;se voltaria pilotando a moto.<\/p>\n\n\n\n<p>\u201cN\u00e3o, eu comprei a moto para andar de barco, viu?\u201d, disse.<\/p>\n","protected":false},"excerpt":{"rendered":"<p>O presidente Jair Bolsonaro (PSL) disse desconhecer irregularidades em candidaturas de mulheres em seu partido durante as&nbsp;elei\u00e7\u00f5es de 2018. \u201cDurante a campanha toda eu estava&hellip; <\/p>\n","protected":false},"author":1,"featured_media":132206,"comment_status":"closed","ping_status":"closed","sticky":false,"template":"","format":"standard","meta":{"sfsi_plus_gutenberg_text_before_share":"","sfsi_plus_gutenberg_show_text_before_share":"","sfsi_plus_gutenberg_icon_type":"","sfsi_plus_gutenberg_icon_alignemt":"","sfsi_plus_gutenburg_max_per_row":"","footnotes":""},"categories":[11],"tags":[],"class_list":["post-132203","post","type-post","status-publish","format-standard","has-post-thumbnail","hentry","category-politica"],"_links":{"self":[{"href":"https:\/\/www.caririemacao.com\/1\/wp-json\/wp\/v2\/posts\/132203","targetHints":{"allow":["GET"]}}],"collection":[{"href":"https:\/\/www.caririemacao.com\/1\/wp-json\/wp\/v2\/posts"}],"about":[{"href":"https:\/\/www.caririemacao.com\/1\/wp-json\/wp\/v2\/types\/post"}],"author":[{"embeddable":true,"href":"https:\/\/www.caririemacao.com\/1\/wp-json\/wp\/v2\/users\/1"}],"replies":[{"embeddable":true,"href":"https:\/\/www.caririemacao.com\/1\/wp-json\/wp\/v2\/comments?post=132203"}],"version-history":[{"count":1,"href":"https:\/\/www.caririemacao.com\/1\/wp-json\/wp\/v2\/posts\/132203\/revisions"}],"predecessor-version":[{"id":132207,"href":"https:\/\/www.caririemacao.com\/1\/wp-json\/wp\/v2\/posts\/132203\/revisions\/132207"}],"wp:featuredmedia":[{"embeddable":true,"href":"https:\/\/www.caririemacao.com\/1\/wp-json\/wp\/v2\/media\/132206"}],"wp:attachment":[{"href":"https:\/\/www.caririemacao.com\/1\/wp-json\/wp\/v2\/media?parent=132203"}],"wp:term":[{"taxonomy":"category","embeddable":true,"href":"https:\/\/www.caririemacao.com\/1\/wp-json\/wp\/v2\/categories?post=132203"},{"taxonomy":"post_tag","embeddable":true,"href":"https:\/\/www.caririemacao.com\/1\/wp-json\/wp\/v2\/tags?post=132203"}],"curies":[{"name":"wp","href":"https:\/\/api.w.org\/{rel}","templated":true}]}}