{"id":132212,"date":"2019-11-02T14:57:54","date_gmt":"2019-11-02T17:57:54","guid":{"rendered":"http:\/\/www.caririemacao.com\/1\/?p=132212"},"modified":"2019-11-02T14:57:54","modified_gmt":"2019-11-02T17:57:54","slug":"medicos-especialistas-debatem-potencial-de-canabinoides-na-saude-do-idoso","status":"publish","type":"post","link":"https:\/\/www.caririemacao.com\/1\/2019\/11\/02\/medicos-especialistas-debatem-potencial-de-canabinoides-na-saude-do-idoso\/","title":{"rendered":"M\u00e9dicos especialistas debatem potencial de canabinoides na sa\u00fade do idoso"},"content":{"rendered":"\n<p><br>Ouso de canabinoides na popula\u00e7\u00e3o idosa para fins medicinais foi tema de um debate na manh\u00e3 desta sexta-feira (1\u00b0) promovido no Rio de Janeiro pela Sociedade Brasileira de Geriatria e Gerontologia.<\/p>\n\n\n\n<p>Os canabinoides s\u00e3o subst\u00e2ncias derivadas da cannabis, considerada il\u00edcita em boa parte do mundo e no Brasil. Com poss\u00edveis benef\u00edcios em tratamentos contra dor cr\u00f4nica, dem\u00eancia e outros problemas comuns em idosos, o uso terap\u00eautico tem sua discuss\u00e3o atravessada por expectativas e preconceitos, avaliam os pesquisadores, que defendem uma abordagem cient\u00edfica do assunto.<\/p>\n\n\n\n<p>M\u00e9dico do Centro de Dem\u00eancia de Alzheimer do Instituto de Psiquiatria da Universidade Federal do Rio&nbsp;de Janeiro&nbsp;(IPUB-UFRJ), Ivan Abdalla apresentou estudos internacionais sobre canabinoides e dem\u00eancia que apontam a necessidade de aprofundar o tema antes de prescrever ou afastar de vez essa&nbsp;hip\u00f3tese.<\/p>\n\n\n\n<p>\u201cA gente tem evid\u00eancias de que talvez tenha um efeito, mas a gente precisa caminhar alguns passos para poder chegar l\u00e1\u201d, disse.<\/p>\n\n\n\n<p>O pesquisador apresentou um mapeamento feito pela Ag\u00eancia Canadense de Drogas e Tecnologias em Sa\u00fade (CADTH) que levantou 12 estudos realizados entre 1997 e 2017 em seis pa\u00edses: Canad\u00e1, Estados Unidos, Reino Unido, Alemanha, Su\u00ed\u00e7a, Holanda e Israel. Apesar de&nbsp;ter&nbsp;considerado as pesquisas de baixa qualidade e com alto risco de vi\u00e9s, a ag\u00eancia ainda assim concluiu que elas indicam que os canabinoides podem ser eficazes contra alguns sintomas da dem\u00eancia.<\/p>\n\n\n\n<p>\u201cT\u00eam evid\u00eancias para algumas situa\u00e7\u00f5es cl\u00ednicas, mas para dem\u00eancia a gente ainda n\u00e3o tem essa resposta. Existe um potencial, mas ainda estamos em um momento experimental\u201d, afirma o pesquisador. \u201c\u00c9 preciso estimular a pesquisa e o debate, e derrubar barreiras pra isso, mais do que para o uso.\u201d<\/p>\n\n\n\n<p>No Brasil, a Resolu\u00e7\u00e3o de 2.113\/2014 do Conselho Federal de Medicina restringe o uso do canabidiol para o tratamento de crian\u00e7as e de adolescentes com epilepsia que tenham sido refrat\u00e1rios \u00e0s terapias convencionais.<\/p>\n\n\n\n<figure class=\"wp-block-image\"><img decoding=\"async\" data-src=\"https:\/\/paraibaonline.com.br\/wp-content\/uploads\/2019\/08\/canabidiol3008-567x369.jpg\" alt=\"Foto: Reprodu\u00e7\u00e3o\" class=\"wp-image-761415 lazyload\" src=\"data:image\/svg+xml;base64,PHN2ZyB3aWR0aD0iMSIgaGVpZ2h0PSIxIiB4bWxucz0iaHR0cDovL3d3dy53My5vcmcvMjAwMC9zdmciPjwvc3ZnPg==\" style=\"--smush-placeholder-width: 567px; --smush-placeholder-aspect-ratio: 567\/369;\" \/><\/figure>\n\n\n\n<p>Foto: Reprodu\u00e7\u00e3o<\/p>\n\n\n\n<p>Somente neurologistas, neurocirurgi\u00f5es e psiquiatras podem fazer essas prescri\u00e7\u00f5es. A recomenda\u00e7\u00e3o da cannabis<em>&nbsp;in natura<\/em>&nbsp;ou de qualquer outro derivado diferente do canabidiol \u00e9 proibida pela resolu\u00e7\u00e3o.<\/p>\n\n\n\n<p>O debate foi mediado por uma das fundadoras da Comiss\u00e3o de Cuidados Paliativos da SBGG, Claudia Burl\u00e1, que afirma n\u00e3o&nbsp;ter&nbsp;d\u00favidas de que os canabinoides podem&nbsp;ter&nbsp;um grande potencial terap\u00eautico para os idosos.<\/p>\n\n\n\n<p>\u201cA gente tem que estudar, n\u00e3o pode ficar em um reducionismo e em um moralismo\u201d, diz ela, que v\u00ea esse potencial para descobertas no tratamento de dor cr\u00f4nica, quadros de epilepsia e n\u00e1usea decorrente de quimioterapia.<\/p>\n\n\n\n<p>Ela adverte que \u00e9 preciso cautela no debate, para n\u00e3o criar na sociedade uma expectativa alta demais em rela\u00e7\u00e3o \u00e0s possibilidades terap\u00eauticas dos canabinoides. \u201cNada de panaceia\u201d, enfatizou ao iniciar a discuss\u00e3o, que lotou uma das salas do congresso.<\/p>\n\n\n\n<p>O presidente da SBGG, Carlos Andr\u00e9 Uehara, lembra que qualquer prescri\u00e7\u00e3o m\u00e9dica para idosos ainda depende de mais estudos, mas que o papel de uma sociedade cient\u00edfica \u00e9 apoiar o debate. \u201cN\u00e3o impede que a gente tenha a discuss\u00e3o.\u201d<\/p>\n\n\n\n<p><strong>Sobre o congresso<\/strong><\/p>\n\n\n\n<p>O debate sobre os canabinoides ocorre em uma programa\u00e7\u00e3o que trouxe temas contempor\u00e2neos para o congresso de geriatria e gerontologia, como o combate aos preconceitos, a Previd\u00eancia Social, o envelhecimento LGBT e o uso de tecnologia para assistir idosos \u00e0 dist\u00e2ncia.<\/p>\n\n\n\n<p>\u201cTemos que discutir a quest\u00e3o de g\u00eanero, o velho n\u00e3o \u00e9 um ser assexuado, e tem a quest\u00e3o de doen\u00e7as sexualmente transmiss\u00edveis\u201d, lembra Uehara, que destaca a import\u00e2ncia de preparar os geriatras para lidar com idosos diversos.<\/p>\n\n\n\n<p>\u201cO profissional tem que entender que existem diferen\u00e7as. O mundo n\u00e3o \u00e9 bin\u00e1rio. N\u00e3o \u00e9 zero ou um, e sim ou n\u00e3o.\u201d<\/p>\n\n\n\n<p>O envelhecimento populacional torna o debate da qualidade de vida na velhice urgente para a popula\u00e7\u00e3o brasileira, e o m\u00e9dico chama a aten\u00e7\u00e3o que a transi\u00e7\u00e3o do pa\u00eds para uma sociedade com mais idosos depende de um planejamento p\u00fablico e individual.<\/p>\n\n\n\n<p>\u201cSe n\u00e3o nos programarmos e n\u00e3o fizermos uma transi\u00e7\u00e3o demogr\u00e1fica em melhores condi\u00e7\u00f5es, isso vai impactar na sa\u00fade e at\u00e9 na Previd\u00eancia. Envelhecer \u00e9 um planejamento.\u201d<\/p>\n","protected":false},"excerpt":{"rendered":"<p>Ouso de canabinoides na popula\u00e7\u00e3o idosa para fins medicinais foi tema de um debate na manh\u00e3 desta sexta-feira (1\u00b0) promovido no Rio de Janeiro pela&hellip; <\/p>\n","protected":false},"author":1,"featured_media":132213,"comment_status":"closed","ping_status":"closed","sticky":false,"template":"","format":"standard","meta":{"sfsi_plus_gutenberg_text_before_share":"","sfsi_plus_gutenberg_show_text_before_share":"","sfsi_plus_gutenberg_icon_type":"","sfsi_plus_gutenberg_icon_alignemt":"","sfsi_plus_gutenburg_max_per_row":"","footnotes":""},"categories":[16],"tags":[],"class_list":["post-132212","post","type-post","status-publish","format-standard","has-post-thumbnail","hentry","category-saude"],"_links":{"self":[{"href":"https:\/\/www.caririemacao.com\/1\/wp-json\/wp\/v2\/posts\/132212","targetHints":{"allow":["GET"]}}],"collection":[{"href":"https:\/\/www.caririemacao.com\/1\/wp-json\/wp\/v2\/posts"}],"about":[{"href":"https:\/\/www.caririemacao.com\/1\/wp-json\/wp\/v2\/types\/post"}],"author":[{"embeddable":true,"href":"https:\/\/www.caririemacao.com\/1\/wp-json\/wp\/v2\/users\/1"}],"replies":[{"embeddable":true,"href":"https:\/\/www.caririemacao.com\/1\/wp-json\/wp\/v2\/comments?post=132212"}],"version-history":[{"count":1,"href":"https:\/\/www.caririemacao.com\/1\/wp-json\/wp\/v2\/posts\/132212\/revisions"}],"predecessor-version":[{"id":132214,"href":"https:\/\/www.caririemacao.com\/1\/wp-json\/wp\/v2\/posts\/132212\/revisions\/132214"}],"wp:featuredmedia":[{"embeddable":true,"href":"https:\/\/www.caririemacao.com\/1\/wp-json\/wp\/v2\/media\/132213"}],"wp:attachment":[{"href":"https:\/\/www.caririemacao.com\/1\/wp-json\/wp\/v2\/media?parent=132212"}],"wp:term":[{"taxonomy":"category","embeddable":true,"href":"https:\/\/www.caririemacao.com\/1\/wp-json\/wp\/v2\/categories?post=132212"},{"taxonomy":"post_tag","embeddable":true,"href":"https:\/\/www.caririemacao.com\/1\/wp-json\/wp\/v2\/tags?post=132212"}],"curies":[{"name":"wp","href":"https:\/\/api.w.org\/{rel}","templated":true}]}}