{"id":132221,"date":"2019-11-02T15:00:53","date_gmt":"2019-11-02T18:00:53","guid":{"rendered":"http:\/\/www.caririemacao.com\/1\/?p=132221"},"modified":"2019-11-02T15:00:53","modified_gmt":"2019-11-02T18:00:53","slug":"bolsonaro-diz-que-pegou-gravacao-da-portaria-do-condominio-onde-tem-casa-no-rio-antes-que-fosse-adulterada","status":"publish","type":"post","link":"https:\/\/www.caririemacao.com\/1\/2019\/11\/02\/bolsonaro-diz-que-pegou-gravacao-da-portaria-do-condominio-onde-tem-casa-no-rio-antes-que-fosse-adulterada\/","title":{"rendered":"Bolsonaro diz que pegou grava\u00e7\u00e3o da portaria do condom\u00ednio onde tem casa no Rio &#8216;antes que fosse adulterada&#8217;"},"content":{"rendered":"\n<p>Porteiro do condom\u00ednio contou \u00e0 pol\u00edcia que, horas antes do assassinato da vereadora Marielle Franco e do motorista Anderson Gomes, um dos suspeitos da morte esteve no local e disse que iria \u00e0 casa 58 e que o &#8220;seu Jair&#8221; atendeu ao interfone e autorizou a entrada. Bolsonaro, no entanto, estava em Bras\u00edlia naquele dia.<\/p>\n\n\n\n<p>O presidente Jair Bolsonaro afirmou neste s\u00e1bado (2) que pegou a grava\u00e7\u00e3o das liga\u00e7\u00f5es da portaria do Condom\u00ednio Vivendas da Barra, no Rio de Janeiro, onde tem uma casa, para que n\u00e3o fossem adulteradas. O presidente falou com jornalistas sobre o assunto durante visita a concession\u00e1ria em Bras\u00edlia, onde ele comprou uma motocicleta.<br><\/p>\n\n\n\n<p>Reportagem do Jornal Nacional mostrou na ter\u00e7a-feira (29) que um porteiro do condom\u00ednio contou \u00e0 pol\u00edcia que, horas antes do assassinato da vereadora Marielle Franco e do motorista dela, Anderson Gomes, o ex-policial militar \u00c9lcio Queiroz, suspeito de participa\u00e7\u00e3o no crime, esteve no local e disse que iria \u00e0 casa 58, casa que pertence ao presidente, e que o &#8220;seu Jair&#8221; atendeu ao interfone e autorizou a entrada.<\/p>\n\n\n\n<p>Queiroz, entretanto, seguiu para a casa de Ronnie Lessa, outro suspeito do assassinato, no mesmo condom\u00ednio. Naquele hor\u00e1rio, o ent\u00e3o deputado Jair Bolsonaro estava em Bras\u00edlia e participou de vota\u00e7\u00f5es na C\u00e2mara no mesmo dia.<\/p>\n\n\n\n<p>&#8220;N\u00f3s pegamos, antes que fosse adulterada, ou tentasse adulterar, pegamos toda a mem\u00f3ria da secret\u00e1ria eletr\u00f4nica que \u00e9 guardada h\u00e1 mais de ano. A voz n\u00e3o \u00e9 a minha&#8221;, declarou Bolsonaro.<\/p>\n\n\n\n<p>Neste s\u00e1bado (2), o presidente voltou a dizer que estava em Bras\u00edlia e n\u00e3o no Rio de Janeiro no dia em que o ex-policial militar \u00c9lcio Queiroz esteve no Condom\u00ednio Vivendas da Barra.<\/p>\n","protected":false},"excerpt":{"rendered":"<p>Porteiro do condom\u00ednio contou \u00e0 pol\u00edcia que, horas antes do assassinato da vereadora Marielle Franco e do motorista Anderson Gomes, um dos suspeitos da morte&hellip; <\/p>\n","protected":false},"author":1,"featured_media":129425,"comment_status":"closed","ping_status":"closed","sticky":false,"template":"","format":"standard","meta":{"sfsi_plus_gutenberg_text_before_share":"","sfsi_plus_gutenberg_show_text_before_share":"","sfsi_plus_gutenberg_icon_type":"","sfsi_plus_gutenberg_icon_alignemt":"","sfsi_plus_gutenburg_max_per_row":"","footnotes":""},"categories":[11],"tags":[],"class_list":["post-132221","post","type-post","status-publish","format-standard","has-post-thumbnail","hentry","category-politica"],"_links":{"self":[{"href":"https:\/\/www.caririemacao.com\/1\/wp-json\/wp\/v2\/posts\/132221","targetHints":{"allow":["GET"]}}],"collection":[{"href":"https:\/\/www.caririemacao.com\/1\/wp-json\/wp\/v2\/posts"}],"about":[{"href":"https:\/\/www.caririemacao.com\/1\/wp-json\/wp\/v2\/types\/post"}],"author":[{"embeddable":true,"href":"https:\/\/www.caririemacao.com\/1\/wp-json\/wp\/v2\/users\/1"}],"replies":[{"embeddable":true,"href":"https:\/\/www.caririemacao.com\/1\/wp-json\/wp\/v2\/comments?post=132221"}],"version-history":[{"count":1,"href":"https:\/\/www.caririemacao.com\/1\/wp-json\/wp\/v2\/posts\/132221\/revisions"}],"predecessor-version":[{"id":132222,"href":"https:\/\/www.caririemacao.com\/1\/wp-json\/wp\/v2\/posts\/132221\/revisions\/132222"}],"wp:featuredmedia":[{"embeddable":true,"href":"https:\/\/www.caririemacao.com\/1\/wp-json\/wp\/v2\/media\/129425"}],"wp:attachment":[{"href":"https:\/\/www.caririemacao.com\/1\/wp-json\/wp\/v2\/media?parent=132221"}],"wp:term":[{"taxonomy":"category","embeddable":true,"href":"https:\/\/www.caririemacao.com\/1\/wp-json\/wp\/v2\/categories?post=132221"},{"taxonomy":"post_tag","embeddable":true,"href":"https:\/\/www.caririemacao.com\/1\/wp-json\/wp\/v2\/tags?post=132221"}],"curies":[{"name":"wp","href":"https:\/\/api.w.org\/{rel}","templated":true}]}}