{"id":132225,"date":"2019-11-02T19:09:17","date_gmt":"2019-11-02T22:09:17","guid":{"rendered":"http:\/\/www.caririemacao.com\/1\/?p=132225"},"modified":"2019-11-02T19:09:17","modified_gmt":"2019-11-02T22:09:17","slug":"serrabranquense-fica-em-2o-lugar-em-competicao-nacional","status":"publish","type":"post","link":"https:\/\/www.caririemacao.com\/1\/2019\/11\/02\/serrabranquense-fica-em-2o-lugar-em-competicao-nacional\/","title":{"rendered":"Serrabranquense fica em 2\u00ba lugar em competi\u00e7\u00e3o nacional"},"content":{"rendered":"\n<p>O jovem serrabranquense, Jos\u00e9 Leonardo de Souza Lima Neto,\naluno do 3\u00ba ano da Escola Estadual, Senador Jose Gaud\u00eancio, ficou em segundo em sua categoria no Resultado\nFinal da Olimp\u00edada Nacional de Ci\u00eancias 2019.<\/p>\n\n\n\n<p>O evento foi realizada pela Universidade Federal do Piau\u00ed e\nteve o apoio do Minist\u00e9rio da Ci\u00eancia, Tecnologia, Inova\u00e7\u00f5es e Comunica\u00e7\u00f5es, do\nPrograma Ci\u00eancia na Escola foi encerrada nesta quinta-feira, dia 31\/10.<\/p>\n\n\n\n<p>A premia\u00e7\u00e3o oficial da ONC est\u00e1 marcada para o dia 28\/11, 5\u00aa\nfeira \u00e0s 18:30, na USP em S\u00e3o Paulo Capital. Ser\u00e1 em S\u00e3o Paulo por ser o estado\nque teve o maior n\u00famero de alunos premiados, conforme determina o regulamento.<\/p>\n\n\n\n<p>Todos certificados estar\u00e3o dispon\u00edveis ap\u00f3s a cerim\u00f4nia de premia\u00e7\u00e3o em\u00a0<a href=\"https:\/\/certificados.onciencias.org\/\">https:\/\/certificados.onciencias.org\/<\/a><\/p>\n\n\n\n<p><strong>Servi\u00e7os<\/strong><\/p>\n\n\n\n<p>A&nbsp;Olimp\u00edada Nacional de Ci\u00eancias (ONC)&nbsp;integra\no&nbsp;Programa Ci\u00eancia na Escola&nbsp;e \u00e9 uma realiza\u00e7\u00e3o de quatro Sociedades\nCient\u00edficas: a&nbsp;SBF (Sociedade Brasileira de F\u00edsica)&nbsp;a&nbsp;ABQ\n(Associa\u00e7\u00e3o Brasileira de Qu\u00edmica)&nbsp;o&nbsp;INSTITUTO BUTANTAN&nbsp;e\na&nbsp;SOCIEDADE ASTRON\u00d4MICA BRASILEIRA&nbsp;; ela resulta de um convite do\nMinist\u00e9rio de Ci\u00eancia, Tecnologia e Inova\u00e7\u00e3o (MCTI) \u00e0s Sociedades e se destina\na estudantes do Ensino M\u00e9dio e do \u00faltimo ano (9\u00ba ano) do Ensino Fundamental.<\/p>\n","protected":false},"excerpt":{"rendered":"<p>O jovem serrabranquense, Jos\u00e9 Leonardo de Souza Lima Neto, aluno do 3\u00ba ano da Escola Estadual, Senador Jose Gaud\u00eancio, ficou em segundo em sua categoria&hellip; <\/p>\n","protected":false},"author":2,"featured_media":132226,"comment_status":"closed","ping_status":"closed","sticky":false,"template":"","format":"standard","meta":{"sfsi_plus_gutenberg_text_before_share":"","sfsi_plus_gutenberg_show_text_before_share":"","sfsi_plus_gutenberg_icon_type":"","sfsi_plus_gutenberg_icon_alignemt":"","sfsi_plus_gutenburg_max_per_row":"","footnotes":""},"categories":[50,14],"tags":[],"class_list":["post-132225","post","type-post","status-publish","format-standard","has-post-thumbnail","hentry","category-destaque","category-educacao"],"_links":{"self":[{"href":"https:\/\/www.caririemacao.com\/1\/wp-json\/wp\/v2\/posts\/132225","targetHints":{"allow":["GET"]}}],"collection":[{"href":"https:\/\/www.caririemacao.com\/1\/wp-json\/wp\/v2\/posts"}],"about":[{"href":"https:\/\/www.caririemacao.com\/1\/wp-json\/wp\/v2\/types\/post"}],"author":[{"embeddable":true,"href":"https:\/\/www.caririemacao.com\/1\/wp-json\/wp\/v2\/users\/2"}],"replies":[{"embeddable":true,"href":"https:\/\/www.caririemacao.com\/1\/wp-json\/wp\/v2\/comments?post=132225"}],"version-history":[{"count":1,"href":"https:\/\/www.caririemacao.com\/1\/wp-json\/wp\/v2\/posts\/132225\/revisions"}],"predecessor-version":[{"id":132227,"href":"https:\/\/www.caririemacao.com\/1\/wp-json\/wp\/v2\/posts\/132225\/revisions\/132227"}],"wp:featuredmedia":[{"embeddable":true,"href":"https:\/\/www.caririemacao.com\/1\/wp-json\/wp\/v2\/media\/132226"}],"wp:attachment":[{"href":"https:\/\/www.caririemacao.com\/1\/wp-json\/wp\/v2\/media?parent=132225"}],"wp:term":[{"taxonomy":"category","embeddable":true,"href":"https:\/\/www.caririemacao.com\/1\/wp-json\/wp\/v2\/categories?post=132225"},{"taxonomy":"post_tag","embeddable":true,"href":"https:\/\/www.caririemacao.com\/1\/wp-json\/wp\/v2\/tags?post=132225"}],"curies":[{"name":"wp","href":"https:\/\/api.w.org\/{rel}","templated":true}]}}