{"id":132228,"date":"2019-11-02T20:37:11","date_gmt":"2019-11-02T23:37:11","guid":{"rendered":"http:\/\/www.caririemacao.com\/1\/?p=132228"},"modified":"2019-11-02T20:37:11","modified_gmt":"2019-11-02T23:37:11","slug":"cariri-em-acao-encerra-pesquisas-do-premio-referencia-2019-nesta-segunda-feira","status":"publish","type":"post","link":"https:\/\/www.caririemacao.com\/1\/2019\/11\/02\/cariri-em-acao-encerra-pesquisas-do-premio-referencia-2019-nesta-segunda-feira\/","title":{"rendered":"Cariri em A\u00e7\u00e3o encerra pesquisas do PR\u00caMIO REFER\u00caNCIA 2019 nesta segunda-feira"},"content":{"rendered":"\n<p>O Portal de Not\u00edcias Cariri em A\u00e7\u00e3o finaliza nesta segunda-feira\ndia (04), a pesquisa do Pr\u00eamio Refer\u00eancia 2019. A cidade de Zabel\u00ea foi\nescolhida para encerrar a s\u00e9rie de pesquisas iniciadas no dia 19 de outubro.<\/p>\n\n\n\n<p>Os resultados da pesquisas realizadas em 24 munic\u00edpios na\nPara\u00edba e Pernambuco ser\u00e3o divulgados na pr\u00f3xima sexta-feira, dia 08 de\nnovembro, \u00e0s 19:00h, no Sal\u00e3o de Irlan Festdecor na cidade de Monteiro\/PB, com\ntransmiss\u00e3o ao vivo e divulga\u00e7\u00e3o no site e nas redes sociais do Cariri em A\u00e7\u00e3o.<\/p>\n\n\n\n<p>A Cerim\u00f4nia de Premia\u00e7\u00e3o ocorrer\u00e1 no dia 07 de dezembro, no\nclube Alexandre da Silva Brito na cidade de Monteiro\/PB. Maiores informa\u00e7\u00f5es\ncom Marivaldo Alc\u00e2ntara (83) 996345791.<\/p>\n","protected":false},"excerpt":{"rendered":"<p>O Portal de Not\u00edcias Cariri em A\u00e7\u00e3o finaliza nesta segunda-feira dia (04), a pesquisa do Pr\u00eamio Refer\u00eancia 2019. A cidade de Zabel\u00ea foi escolhida para&hellip; <\/p>\n","protected":false},"author":2,"featured_media":132229,"comment_status":"closed","ping_status":"closed","sticky":false,"template":"","format":"standard","meta":{"sfsi_plus_gutenberg_text_before_share":"","sfsi_plus_gutenberg_show_text_before_share":"","sfsi_plus_gutenberg_icon_type":"","sfsi_plus_gutenberg_icon_alignemt":"","sfsi_plus_gutenburg_max_per_row":"","footnotes":""},"categories":[50],"tags":[],"class_list":["post-132228","post","type-post","status-publish","format-standard","has-post-thumbnail","hentry","category-destaque"],"_links":{"self":[{"href":"https:\/\/www.caririemacao.com\/1\/wp-json\/wp\/v2\/posts\/132228","targetHints":{"allow":["GET"]}}],"collection":[{"href":"https:\/\/www.caririemacao.com\/1\/wp-json\/wp\/v2\/posts"}],"about":[{"href":"https:\/\/www.caririemacao.com\/1\/wp-json\/wp\/v2\/types\/post"}],"author":[{"embeddable":true,"href":"https:\/\/www.caririemacao.com\/1\/wp-json\/wp\/v2\/users\/2"}],"replies":[{"embeddable":true,"href":"https:\/\/www.caririemacao.com\/1\/wp-json\/wp\/v2\/comments?post=132228"}],"version-history":[{"count":1,"href":"https:\/\/www.caririemacao.com\/1\/wp-json\/wp\/v2\/posts\/132228\/revisions"}],"predecessor-version":[{"id":132230,"href":"https:\/\/www.caririemacao.com\/1\/wp-json\/wp\/v2\/posts\/132228\/revisions\/132230"}],"wp:featuredmedia":[{"embeddable":true,"href":"https:\/\/www.caririemacao.com\/1\/wp-json\/wp\/v2\/media\/132229"}],"wp:attachment":[{"href":"https:\/\/www.caririemacao.com\/1\/wp-json\/wp\/v2\/media?parent=132228"}],"wp:term":[{"taxonomy":"category","embeddable":true,"href":"https:\/\/www.caririemacao.com\/1\/wp-json\/wp\/v2\/categories?post=132228"},{"taxonomy":"post_tag","embeddable":true,"href":"https:\/\/www.caririemacao.com\/1\/wp-json\/wp\/v2\/tags?post=132228"}],"curies":[{"name":"wp","href":"https:\/\/api.w.org\/{rel}","templated":true}]}}