{"id":132237,"date":"2019-11-03T08:15:15","date_gmt":"2019-11-03T11:15:15","guid":{"rendered":"http:\/\/www.caririemacao.com\/1\/?p=132237"},"modified":"2019-11-03T08:15:15","modified_gmt":"2019-11-03T11:15:15","slug":"turista-mantem-viagem-ao-nordeste-mas-troca-o-peixe-pela-carne-de-sol","status":"publish","type":"post","link":"https:\/\/www.caririemacao.com\/1\/2019\/11\/03\/turista-mantem-viagem-ao-nordeste-mas-troca-o-peixe-pela-carne-de-sol\/","title":{"rendered":"Turista mant\u00e9m viagem ao Nordeste, mas troca o peixe pela carne de sol"},"content":{"rendered":"\n<p>A chegada de manchas de \u00f3leo nas praias do litoral nordestino desde o dia 30 de agosto mudou os h\u00e1bitos dos turistas.<br><\/p>\n\n\n\n<p>Em boa parte dos locais atingidos com maior intensidade pelo petr\u00f3leo, os mergulhos de mar foram trocados por banhos de piscina nos hot\u00e9is e pousadas, e o card\u00e1pio de peixes e outros frutos do mar foi substitu\u00eddo por carnes e aves.<\/p>\n\n\n\n<p>No \u00faltimo dia 25, o resort Iberostar, em Praia do Forte, no litoral norte da Bahia, registrava 98% de ocupa\u00e7\u00e3o, mas eram raros os h\u00f3spedes que arriscavam mergulhar no mar, atingido por \u00f3leo dias antes.<\/p>\n\n\n\n<p>O educador f\u00edsico Arthur Margalho, 34, chegou a fazer uma caminhada na beira do mar, mas voltou com a sola de um dos p\u00e9s manchada de \u00f3leo. No dia seguinte, preferiu ficar na piscina.<\/p>\n\n\n\n<p>Na ilha de Boipeba, em Cairu (a 176 km de Salvador), turistas evitavam o mar mesmo sob um calor de 30\u00b0C, e andavam com garrafa de \u00e1gua nas m\u00e3os para tirar os resqu\u00edcios de \u00f3leo da pele.<\/p>\n\n\n\n<p>Na sexta-feira (1\u00ba), a as praias Pontal de Maraca\u00edpe, Cupe e de Muro Alto, em Pernambuco, atingidas por fragmentos de petr\u00f3leo h\u00e1 15 dias, ainda registravam movimento abaixo do normal.<\/p>\n\n\n\n<p>&#8220;N\u00e3o adianta mentir. O movimento caiu, sim. \u00c9 s\u00f3 olhar em volta. As pessoas ficam com medo por causa das not\u00edcias&#8221;, diz Juvenal dos Santos, dono de um bar e restaurante na praia de Maraca\u00edpe, frequentada por surfistas.<\/p>\n\n\n\n<p>Pertinho de l\u00e1, o jangadeiro Reginaldo J\u00fanior, que ganha a vida levando turistas para fazer o famoso passeio dos cavalos marinhos, no rio Maraca\u00edpe, reclamava do movimento. &#8220;Teve dia que n\u00e3o fiz um passeio aqui. Mas eles est\u00e3o voltando aos poucos&#8221;, diz.<\/p>\n\n\n\n<p>Em Porto de Galinhas, cercada por praias onde o \u00f3leo chegou com for\u00e7a h\u00e1 15 dias, o mar estava cheio na sexta-feira (1\u00b0). Nas piscinas naturais, ponto famoso da regi\u00e3o, o clima era de normalidade.<\/p>\n\n\n\n<p>Em Jacu\u00edpe, no litoral norte da Bahia, os barraqueiros sentiram um baque nas vendas de pratos com frutos do mar.<\/p>\n\n\n\n<p>&#8220;At\u00e9 o pobre do caranguejo que era o carro-chefe de Jacu\u00edpe n\u00e3o est\u00e1 saindo nada. Por enquanto, est\u00e1 saindo s\u00f3 preju\u00edzo&#8221;, diz Anderson Carvalho, 22, comerciante e pescador.<\/p>\n\n\n\n<p>A situa\u00e7\u00e3o \u00e9 a mesma em Itapuama, no litoral sul de Pernambuco, onde os clientes sumiram depois que o \u00f3leo chegou .&#8221;S\u00e3o 16h e s\u00f3 uma pessoa sentou aqui na minha barraca. Parou tudo. Faz oito dias que o movimento \u00e9 zero&#8221;, conta o barraqueiro Luciano Jos\u00e9 de Souza, que ganha a vida vendendo peixe e cerveja na praia.<\/p>\n\n\n\n<p>Em Porto de Galinhas, a comerciante Concei\u00e7\u00e3o Nunes, que veio de Bras\u00edlia para descansar no litoral pernambucano, n\u00e3o comeu peixe. &#8220;Eu amo peixe, mas n\u00e3o posso arriscar. Pedi carne de sol com batatinha mesmo.&#8221;<\/p>\n\n\n\n<p>O presidente da Abrasel (Associa\u00e7\u00e3o Brasileira de Bares e Restaurantes) em Pernambuco, Andr\u00e9 Luiz Ara\u00fajo, diz que h\u00e1 uma mudan\u00e7a de comportamento dos consumidores, que trocaram o peixe pela carne ou ave. A mudan\u00e7a aconteceu a despeito de 70% dos peixes consumidos em Pernambuco serem da regi\u00e3o Norte. &#8220;Os produtos vendidos em restaurantes t\u00eam selo de inspe\u00e7\u00e3o federal&#8221;, alegou.<\/p>\n\n\n\n<p>Em geral, n\u00e3o houve um movimento forte de cancelamentos de reservas em hot\u00e9is e pousadas, relatam as associa\u00e7\u00f5es do setor. Os hot\u00e9is de Salvador fecharam outubro com 67% de ocupa\u00e7\u00e3o. No mesmo m\u00eas do ano passado, a ocupa\u00e7\u00e3o era de 61%.<\/p>\n\n\n\n<p>Pousadeiros de Alagoas e Pernambuco relatam cancelamentos pontuais de reservas: &#8220;A perda n\u00e3o \u00e9 expressiva. Percebemos que o nosso p\u00fablico est\u00e1 sabendo filtrar as informa\u00e7\u00f5es&#8221;, diz Luiz Cl\u00e1udio Gon\u00e7alves, dono de uma pousada em Maragogi (AL).<\/p>\n\n\n\n<p>O empres\u00e1rio Felipe Pires, dono de 16 apartamentos de aluguel na praia dos Carneiros, no litoral sul de Pernambuco, conta que perdeu apenas uma das 40 reservas que tinha antes da chegada do \u00f3leo.<\/p>\n\n\n\n<p>Ele diz, por\u00e9m, que nos \u00faltimos oito dias houve uma diminui\u00e7\u00e3o na procura. &#8220;O telefone n\u00e3o toca mais.&#8221;<\/p>\n\n\n\n<p>Liana Freiberger, coordenadora de marketing do Nannai Resort, um dos mais luxuosos de Pernambuco, em Muro Alto, diz que a falta de articula\u00e7\u00e3o das informa\u00e7\u00f5es oficiais prejudica o setor. A mancha de \u00f3leo atingiu, h\u00e1 duas semanas, a praia em frente ao hotel. &#8220;Alguns h\u00f3spedes nos ajudaram na remo\u00e7\u00e3o&#8221;, conta.<\/p>\n\n\n\n<p>Em geral, os turistas t\u00eam optado por manter a programa\u00e7\u00e3o, mas adotado certa cautela nas regi\u00f5es atingidas.<\/p>\n\n\n\n<p>\u00c9 o caso de Adauto Gon\u00e7alves, 34, e M\u00f4nica Miranda, 34, que foram na sexta (1\u00ba) para a praia de Barra Grande, sul da Bahia. Hospedados em pousada com piscina, pretendem ir \u00e0 praia apenas para caminhar. As moquecas de peixe e camar\u00e3o ser\u00e3o trocadas por carne.<\/p>\n\n\n\n<p>No pr\u00f3ximo ver\u00e3o, o casal quer conhecer as piscinas naturais da praia de Maragogi, em Alagoas. E esperam que, at\u00e9 l\u00e1, a situa\u00e7\u00e3o das manchas de \u00f3leo esteja resolvido. &#8220;Queremos curtir sem medo&#8221;.<\/p>\n\n\n\n<p>A \u00faltima atualiza\u00e7\u00e3o do Ibama, de sexta (1\u00b0), aponta que 296 locais em 101 cidades de todos os estados do Nordeste foram atingidos pelo petr\u00f3leo.<\/p>\n","protected":false},"excerpt":{"rendered":"<p>A chegada de manchas de \u00f3leo nas praias do litoral nordestino desde o dia 30 de agosto mudou os h\u00e1bitos dos turistas. Em boa parte&hellip; <\/p>\n","protected":false},"author":1,"featured_media":132238,"comment_status":"closed","ping_status":"closed","sticky":false,"template":"","format":"standard","meta":{"sfsi_plus_gutenberg_text_before_share":"","sfsi_plus_gutenberg_show_text_before_share":"","sfsi_plus_gutenberg_icon_type":"","sfsi_plus_gutenberg_icon_alignemt":"","sfsi_plus_gutenburg_max_per_row":"","footnotes":""},"categories":[2],"tags":[],"class_list":["post-132237","post","type-post","status-publish","format-standard","has-post-thumbnail","hentry","category-geral"],"_links":{"self":[{"href":"https:\/\/www.caririemacao.com\/1\/wp-json\/wp\/v2\/posts\/132237","targetHints":{"allow":["GET"]}}],"collection":[{"href":"https:\/\/www.caririemacao.com\/1\/wp-json\/wp\/v2\/posts"}],"about":[{"href":"https:\/\/www.caririemacao.com\/1\/wp-json\/wp\/v2\/types\/post"}],"author":[{"embeddable":true,"href":"https:\/\/www.caririemacao.com\/1\/wp-json\/wp\/v2\/users\/1"}],"replies":[{"embeddable":true,"href":"https:\/\/www.caririemacao.com\/1\/wp-json\/wp\/v2\/comments?post=132237"}],"version-history":[{"count":1,"href":"https:\/\/www.caririemacao.com\/1\/wp-json\/wp\/v2\/posts\/132237\/revisions"}],"predecessor-version":[{"id":132239,"href":"https:\/\/www.caririemacao.com\/1\/wp-json\/wp\/v2\/posts\/132237\/revisions\/132239"}],"wp:featuredmedia":[{"embeddable":true,"href":"https:\/\/www.caririemacao.com\/1\/wp-json\/wp\/v2\/media\/132238"}],"wp:attachment":[{"href":"https:\/\/www.caririemacao.com\/1\/wp-json\/wp\/v2\/media?parent=132237"}],"wp:term":[{"taxonomy":"category","embeddable":true,"href":"https:\/\/www.caririemacao.com\/1\/wp-json\/wp\/v2\/categories?post=132237"},{"taxonomy":"post_tag","embeddable":true,"href":"https:\/\/www.caririemacao.com\/1\/wp-json\/wp\/v2\/tags?post=132237"}],"curies":[{"name":"wp","href":"https:\/\/api.w.org\/{rel}","templated":true}]}}