{"id":132246,"date":"2019-11-03T08:17:41","date_gmt":"2019-11-03T11:17:41","guid":{"rendered":"http:\/\/www.caririemacao.com\/1\/?p=132246"},"modified":"2019-11-03T08:17:41","modified_gmt":"2019-11-03T11:17:41","slug":"prf-passa-a-usar-dodge-challenger-apreendido-em-acao-contra-o-trafico","status":"publish","type":"post","link":"https:\/\/www.caririemacao.com\/1\/2019\/11\/03\/prf-passa-a-usar-dodge-challenger-apreendido-em-acao-contra-o-trafico\/","title":{"rendered":"PRF passa a usar Dodge Challenger apreendido em a\u00e7\u00e3o contra o tr\u00e1fico"},"content":{"rendered":"\n<p>A partir da pr\u00f3xima semana, a Pol\u00edcia Rodovi\u00e1ria Federal passa a usar como viatura o carro Dodge Challenger RT, apreendido em uma opera\u00e7\u00e3o contra o tr\u00e1fico internacional de drogas em abril de 2017 no Paran\u00e1.<\/p>\n\n\n\n<p>Cedido \u00e0 PRF pela Justi\u00e7a Federal de Umuarama (PR), o carro, que foi caracterizado em Curitiba, ser\u00e1 utilizado em Foz do Igua\u00e7u, na regi\u00e3o da fronteira com o Paraguai. Como se trata de uma destina\u00e7\u00e3o provis\u00f3ria, j\u00e1 que ainda n\u00e3o existe tr\u00e2nsito em julgado da senten\u00e7a que decretou o perdimento do bem, o carro ser\u00e1 utilizado prioritariamente em a\u00e7\u00f5es educativas da pol\u00edcia.<\/p>\n\n\n\n<p>Com 372 cavalos-vapor de pot\u00eancia, o ve\u00edculo foi fabricado em 2010, nos Estados Unidos. O valor estimado ultrapassa os R$ 245 mil. O carro estava guardado h\u00e1 mais de dois anos em um p\u00e1tio de Cascavel. \u201cA utiliza\u00e7\u00e3o do ve\u00edculo pela autoridade policial certamente ser\u00e1 promovida de modo a manter sua conserva\u00e7\u00e3o, evitando-se a precoce deteriora\u00e7\u00e3o em virtude da ociosidade e da sujei\u00e7\u00e3o dos bens \u00e0s intemp\u00e9ries e outros desgastes derivados de sua estagna\u00e7\u00e3o em dep\u00f3sito\u201d, diz trecho da decis\u00e3o do juiz Jos\u00e9 Carlos Fabri, da 1\u00aa Vara Federal de Umuarama.<\/p>\n\n\n\n<p>O confisco de bens apreendidos em decorr\u00eancia do tr\u00e1fico drogas afins \u00e9 estabelecido no artigo 243 da Constitui\u00e7\u00e3o Federal.<\/p>\n","protected":false},"excerpt":{"rendered":"<p>A partir da pr\u00f3xima semana, a Pol\u00edcia Rodovi\u00e1ria Federal passa a usar como viatura o carro Dodge Challenger RT, apreendido em uma opera\u00e7\u00e3o contra o&hellip; <\/p>\n","protected":false},"author":1,"featured_media":132248,"comment_status":"closed","ping_status":"closed","sticky":false,"template":"","format":"standard","meta":{"sfsi_plus_gutenberg_text_before_share":"","sfsi_plus_gutenberg_show_text_before_share":"","sfsi_plus_gutenberg_icon_type":"","sfsi_plus_gutenberg_icon_alignemt":"","sfsi_plus_gutenburg_max_per_row":"","footnotes":""},"categories":[12],"tags":[],"class_list":["post-132246","post","type-post","status-publish","format-standard","has-post-thumbnail","hentry","category-policia"],"_links":{"self":[{"href":"https:\/\/www.caririemacao.com\/1\/wp-json\/wp\/v2\/posts\/132246","targetHints":{"allow":["GET"]}}],"collection":[{"href":"https:\/\/www.caririemacao.com\/1\/wp-json\/wp\/v2\/posts"}],"about":[{"href":"https:\/\/www.caririemacao.com\/1\/wp-json\/wp\/v2\/types\/post"}],"author":[{"embeddable":true,"href":"https:\/\/www.caririemacao.com\/1\/wp-json\/wp\/v2\/users\/1"}],"replies":[{"embeddable":true,"href":"https:\/\/www.caririemacao.com\/1\/wp-json\/wp\/v2\/comments?post=132246"}],"version-history":[{"count":1,"href":"https:\/\/www.caririemacao.com\/1\/wp-json\/wp\/v2\/posts\/132246\/revisions"}],"predecessor-version":[{"id":132249,"href":"https:\/\/www.caririemacao.com\/1\/wp-json\/wp\/v2\/posts\/132246\/revisions\/132249"}],"wp:featuredmedia":[{"embeddable":true,"href":"https:\/\/www.caririemacao.com\/1\/wp-json\/wp\/v2\/media\/132248"}],"wp:attachment":[{"href":"https:\/\/www.caririemacao.com\/1\/wp-json\/wp\/v2\/media?parent=132246"}],"wp:term":[{"taxonomy":"category","embeddable":true,"href":"https:\/\/www.caririemacao.com\/1\/wp-json\/wp\/v2\/categories?post=132246"},{"taxonomy":"post_tag","embeddable":true,"href":"https:\/\/www.caririemacao.com\/1\/wp-json\/wp\/v2\/tags?post=132246"}],"curies":[{"name":"wp","href":"https:\/\/api.w.org\/{rel}","templated":true}]}}