{"id":132254,"date":"2019-11-03T08:21:02","date_gmt":"2019-11-03T11:21:02","guid":{"rendered":"http:\/\/www.caririemacao.com\/1\/?p=132254"},"modified":"2019-11-03T08:21:02","modified_gmt":"2019-11-03T11:21:02","slug":"bolsonaro-confirma-quer-acabar-com-estabilidade-para-servidor-publico","status":"publish","type":"post","link":"https:\/\/www.caririemacao.com\/1\/2019\/11\/03\/bolsonaro-confirma-quer-acabar-com-estabilidade-para-servidor-publico\/","title":{"rendered":"Bolsonaro confirma: quer acabar com estabilidade para servidor p\u00fablico"},"content":{"rendered":"\n<p>O presidente Jair Bolsonaro (PSL) afirmou neste s\u00e1bado (2) que seu governo pretende propor um projeto para acabar com a estabilidade do servidor p\u00fablico.<br>A medida seria uma das mudan\u00e7as da reforma administrativa, que deve ser enviada nas pr\u00f3ximas semanas ao Congresso.<\/p>\n\n\n\n<p>\u201cOlha, a ideia \u00e9 daqui pra frente. Daqui para frente n\u00e3o teria estabilidade, essa \u00e9 que \u00e9 a ideia\u201d, disse ao deixar o Pal\u00e1cio da Alvorada para comprar uma motocicleta em concession\u00e1ria a 14 quil\u00f4metros da resid\u00eancia oficial da Presid\u00eancia.<\/p>\n\n\n\n<p>\u201cN\u00f3s, para algumas carreiras de estado, temos que manter a estabilidade. Eu n\u00e3o posso formar, por exemplo, um sargento, um capit\u00e3o de For\u00e7as Especiais e depois mand\u00e1-lo embora. Tem que ter forma\u00e7\u00e3o espec\u00edfica para aquela atividade, bem como servidor civil que eu n\u00e3o quero entrar em detalhe aqui\u201d, disse.<\/p>\n\n\n\n<p>Questionado sobre quando o texto ser\u00e1 levado ao Congresso, n\u00e3o quis dar uma data, mas disse que est\u00e1 quase tudo pronto \u201cpara a crian\u00e7a nascer\u201d.<\/p>\n\n\n\n<p>Logo depois, em uma visita ao Lago Sul, o presidente disse que est\u00e1 pr\u00e9-agendado para que ele v\u00e1 ao Congresso na ter\u00e7a (5) apresentar o projeto.<\/p>\n\n\n\n<p>\u201cPretendo levar. Est\u00e1 pr\u00e9-agendado na ter\u00e7a-feira, ideia \u00e9 dar demonstra\u00e7\u00e3o, como na reforma da Previd\u00eancia, de que estamos juntos, o Parlamento, o Executivo, talvez o chefe do Judici\u00e1rio tamb\u00e9m eu o convide para ir pra l\u00e1, ou o Rodrigo Maia, ou o presidente Alcolumbre. Para mostrar que os tr\u00eas poderes t\u00eam que estar em harmonia para atingir os objetivos\u201d, disse.<\/p>\n\n\n\n<p>Ele n\u00e3o soube dizer se o governo vai priorizar a reforma tribut\u00e1ria ou a administrativa como pr\u00f3ximo passo, ap\u00f3s a reforma da Previd\u00eancia ser aprovada.<\/p>\n\n\n\n<p>\u201cO que for menos dif\u00edcil tem que ir na frente. Qualquer uma dessas duas reformas \u00e9 bem-vinda\u201d, disse<\/p>\n","protected":false},"excerpt":{"rendered":"<p>O presidente Jair Bolsonaro (PSL) afirmou neste s\u00e1bado (2) que seu governo pretende propor um projeto para acabar com a estabilidade do servidor p\u00fablico.A medida&hellip; <\/p>\n","protected":false},"author":1,"featured_media":129640,"comment_status":"closed","ping_status":"closed","sticky":false,"template":"","format":"standard","meta":{"sfsi_plus_gutenberg_text_before_share":"","sfsi_plus_gutenberg_show_text_before_share":"","sfsi_plus_gutenberg_icon_type":"","sfsi_plus_gutenberg_icon_alignemt":"","sfsi_plus_gutenburg_max_per_row":"","footnotes":""},"categories":[11],"tags":[],"class_list":["post-132254","post","type-post","status-publish","format-standard","has-post-thumbnail","hentry","category-politica"],"_links":{"self":[{"href":"https:\/\/www.caririemacao.com\/1\/wp-json\/wp\/v2\/posts\/132254","targetHints":{"allow":["GET"]}}],"collection":[{"href":"https:\/\/www.caririemacao.com\/1\/wp-json\/wp\/v2\/posts"}],"about":[{"href":"https:\/\/www.caririemacao.com\/1\/wp-json\/wp\/v2\/types\/post"}],"author":[{"embeddable":true,"href":"https:\/\/www.caririemacao.com\/1\/wp-json\/wp\/v2\/users\/1"}],"replies":[{"embeddable":true,"href":"https:\/\/www.caririemacao.com\/1\/wp-json\/wp\/v2\/comments?post=132254"}],"version-history":[{"count":1,"href":"https:\/\/www.caririemacao.com\/1\/wp-json\/wp\/v2\/posts\/132254\/revisions"}],"predecessor-version":[{"id":132257,"href":"https:\/\/www.caririemacao.com\/1\/wp-json\/wp\/v2\/posts\/132254\/revisions\/132257"}],"wp:featuredmedia":[{"embeddable":true,"href":"https:\/\/www.caririemacao.com\/1\/wp-json\/wp\/v2\/media\/129640"}],"wp:attachment":[{"href":"https:\/\/www.caririemacao.com\/1\/wp-json\/wp\/v2\/media?parent=132254"}],"wp:term":[{"taxonomy":"category","embeddable":true,"href":"https:\/\/www.caririemacao.com\/1\/wp-json\/wp\/v2\/categories?post=132254"},{"taxonomy":"post_tag","embeddable":true,"href":"https:\/\/www.caririemacao.com\/1\/wp-json\/wp\/v2\/tags?post=132254"}],"curies":[{"name":"wp","href":"https:\/\/api.w.org\/{rel}","templated":true}]}}