{"id":132266,"date":"2019-11-03T08:23:36","date_gmt":"2019-11-03T11:23:36","guid":{"rendered":"http:\/\/www.caririemacao.com\/1\/?p=132266"},"modified":"2019-11-03T08:23:36","modified_gmt":"2019-11-03T11:23:36","slug":"ministro-alerta-estudantes-sobre-cuidado-com-fake-news-no-enem","status":"publish","type":"post","link":"https:\/\/www.caririemacao.com\/1\/2019\/11\/03\/ministro-alerta-estudantes-sobre-cuidado-com-fake-news-no-enem\/","title":{"rendered":"Ministro alerta estudantes sobre cuidado com fake news no Enem"},"content":{"rendered":"\n<p>O ministro da Educa\u00e7\u00e3o, Abraham Weintraub, fez um pronunciamento em rede nacional de televis\u00e3o e r\u00e1dio na noite deste&nbsp;s\u00e1bado&nbsp;(2) sobre a aplica\u00e7\u00e3o do Exame Nacional do Ensino M\u00e9dio (Enem). Est\u00e3o inscritos para o exame cerca de 5&nbsp;milh\u00f5es de estudantes em mais de 1,7 mil munic\u00edpios.<\/p>\n\n\n\n<p>O ministro pediu que os participantes procurem se informar pelos canais oficiais do Minist\u00e9rio da Educa\u00e7\u00e3o (MEC) e do&nbsp;Instituto Nacional de Estudos e Pesquisas Educacionais An\u00edsio Teixeira&nbsp;(Inep). \u201cDuvide de informa\u00e7\u00f5es que s\u00e3o compartilhadas nas redes sociais: podem ser&nbsp;fake news [not\u00edcias falsas]\u201d, disse.<\/p>\n\n\n\n<p>Os candidatos far\u00e3o neste&nbsp;domingo&nbsp;(3) as provas de linguagens, ci\u00eancias humanas e reda\u00e7\u00e3o.&nbsp;O Enem continua&nbsp;no dia&nbsp;10, quando os estudantes far\u00e3o as provas de ci\u00eancias da natureza e matem\u00e1tica.<\/p>\n\n\n\n<p>Weintraub&nbsp;passou orienta\u00e7\u00f5es aos candidatos como levar caneta de tinta preta em material transparente e destacou que, para&nbsp;ter&nbsp;mais seguran\u00e7a, o Enem 2019&nbsp;ter\u00e1 uma nova regra: qualquer som emitido por aparelhos eletr\u00f4nicos ocasionar\u00e1 a elimina\u00e7\u00e3o do candidato na hora, ainda que o equipamento tenha sido&nbsp;lacrado&nbsp;na embalagem pelo fiscais. A recomenda\u00e7\u00e3o vale para liga\u00e7\u00f5es telef\u00f4nicas e alarmes, por isso os rel\u00f3gios&nbsp;tamb\u00e9m devem estar desligados.<\/p>\n\n\n\n<p>O ministro ressaltou que, apesar dos v\u00e1rios fusos hor\u00e1rios do pa\u00eds, o importante \u00e9 seguir o hor\u00e1rio oficial de Bras\u00edlia.<\/p>\n\n\n\n<p>Sobre a vestimenta dos estudantes, o ministro disse que bon\u00e9s, chap\u00e9us e \u00f3culos escuros n\u00e3o poder\u00e3o ser usados. Alimentos ser\u00e3o aceitos nas embalagens originais, mas&nbsp;ser\u00e3o revistados. O candidato dever\u00e1 apresentar documento oficial original com foto e \u00e9 recomendado que leve o cart\u00e3o de confirma\u00e7\u00e3o.<\/p>\n\n\n\n<p>Weintraub destacou que esta ser\u00e1 a \u00faltima edi\u00e7\u00e3o totalmente em papel do exame. Em 2020, a prova digital ser\u00e1 testada. \u201cUma modernidade que trar\u00e1 economia aos cofres p\u00fablicos. E mais que isso: vai respeitar o dinheiro do pagador de impostos\u201d, disse.<\/p>\n\n\n\n<p>Mais cedo, em publica\u00e7\u00e3o no Twitter, o ministro pediu que os candidatos mantenham a tranquilidade.<\/p>\n","protected":false},"excerpt":{"rendered":"<p>O ministro da Educa\u00e7\u00e3o, Abraham Weintraub, fez um pronunciamento em rede nacional de televis\u00e3o e r\u00e1dio na noite deste&nbsp;s\u00e1bado&nbsp;(2) sobre a aplica\u00e7\u00e3o do Exame Nacional&hellip; <\/p>\n","protected":false},"author":1,"featured_media":132268,"comment_status":"closed","ping_status":"closed","sticky":false,"template":"","format":"standard","meta":{"sfsi_plus_gutenberg_text_before_share":"","sfsi_plus_gutenberg_show_text_before_share":"","sfsi_plus_gutenberg_icon_type":"","sfsi_plus_gutenberg_icon_alignemt":"","sfsi_plus_gutenburg_max_per_row":"","footnotes":""},"categories":[14],"tags":[],"class_list":["post-132266","post","type-post","status-publish","format-standard","has-post-thumbnail","hentry","category-educacao"],"_links":{"self":[{"href":"https:\/\/www.caririemacao.com\/1\/wp-json\/wp\/v2\/posts\/132266","targetHints":{"allow":["GET"]}}],"collection":[{"href":"https:\/\/www.caririemacao.com\/1\/wp-json\/wp\/v2\/posts"}],"about":[{"href":"https:\/\/www.caririemacao.com\/1\/wp-json\/wp\/v2\/types\/post"}],"author":[{"embeddable":true,"href":"https:\/\/www.caririemacao.com\/1\/wp-json\/wp\/v2\/users\/1"}],"replies":[{"embeddable":true,"href":"https:\/\/www.caririemacao.com\/1\/wp-json\/wp\/v2\/comments?post=132266"}],"version-history":[{"count":1,"href":"https:\/\/www.caririemacao.com\/1\/wp-json\/wp\/v2\/posts\/132266\/revisions"}],"predecessor-version":[{"id":132269,"href":"https:\/\/www.caririemacao.com\/1\/wp-json\/wp\/v2\/posts\/132266\/revisions\/132269"}],"wp:featuredmedia":[{"embeddable":true,"href":"https:\/\/www.caririemacao.com\/1\/wp-json\/wp\/v2\/media\/132268"}],"wp:attachment":[{"href":"https:\/\/www.caririemacao.com\/1\/wp-json\/wp\/v2\/media?parent=132266"}],"wp:term":[{"taxonomy":"category","embeddable":true,"href":"https:\/\/www.caririemacao.com\/1\/wp-json\/wp\/v2\/categories?post=132266"},{"taxonomy":"post_tag","embeddable":true,"href":"https:\/\/www.caririemacao.com\/1\/wp-json\/wp\/v2\/tags?post=132266"}],"curies":[{"name":"wp","href":"https:\/\/api.w.org\/{rel}","templated":true}]}}