{"id":132277,"date":"2019-11-03T09:08:22","date_gmt":"2019-11-03T12:08:22","guid":{"rendered":"http:\/\/www.caririemacao.com\/1\/?p=132277"},"modified":"2019-11-03T09:08:22","modified_gmt":"2019-11-03T12:08:22","slug":"prefeito-junior-anuncia-premiacao-da-expoprata-2020","status":"publish","type":"post","link":"https:\/\/www.caririemacao.com\/1\/2019\/11\/03\/prefeito-junior-anuncia-premiacao-da-expoprata-2020\/","title":{"rendered":"Prefeito J\u00fanior anuncia premia\u00e7\u00e3o da EXPOPRATA 2020"},"content":{"rendered":"\n<p>O prefeito do munic\u00edpio de Prata, localizado na regi\u00e3o do\nCariri Paraibano, divulgou oficialmente a premia\u00e7\u00e3o da 8\u00aa edi\u00e7\u00e3o da ExpoPrata\nde 2020.<\/p>\n\n\n\n<p>Segundo o prefeito J\u00fanior N\u00f3brega, a exposi\u00e7\u00e3o que acontece de\n19 a 23 de agosto de 2020 e ter\u00e1 uma premia\u00e7\u00e3o de 50 mil reais, sendo uma moto\npara o melhor expositor de caprino e uma moto para o melhor expositor ovino.<\/p>\n\n\n\n<p>J\u00fanior comunicou a nossa reportagem que ap\u00f3s o evento ter se\nconsolidado como um dos principais eventos da caprinovinocultura do Nordeste e\ndo Pa\u00eds, no pr\u00f3ximo ano ter\u00e1 uma das maiores novidades da ExpoPrata que ser\u00e1 a\nrealiza\u00e7\u00e3o do 1\u00b0 EXPOINTER &#8211; Exposi\u00e7\u00e3o Internacional de\nCaprinos do Nordeste, fazendo com que a cidade de Prata entre para o cen\u00e1rio\ninternacional neste segmento.<\/p>\n","protected":false},"excerpt":{"rendered":"<p>O prefeito do munic\u00edpio de Prata, localizado na regi\u00e3o do Cariri Paraibano, divulgou oficialmente a premia\u00e7\u00e3o da 8\u00aa edi\u00e7\u00e3o da ExpoPrata de 2020. Segundo o&hellip; <\/p>\n","protected":false},"author":2,"featured_media":132278,"comment_status":"closed","ping_status":"closed","sticky":false,"template":"","format":"standard","meta":{"sfsi_plus_gutenberg_text_before_share":"","sfsi_plus_gutenberg_show_text_before_share":"","sfsi_plus_gutenberg_icon_type":"","sfsi_plus_gutenberg_icon_alignemt":"","sfsi_plus_gutenburg_max_per_row":"","footnotes":""},"categories":[6,50],"tags":[],"class_list":["post-132277","post","type-post","status-publish","format-standard","has-post-thumbnail","hentry","category-cidades","category-destaque"],"_links":{"self":[{"href":"https:\/\/www.caririemacao.com\/1\/wp-json\/wp\/v2\/posts\/132277","targetHints":{"allow":["GET"]}}],"collection":[{"href":"https:\/\/www.caririemacao.com\/1\/wp-json\/wp\/v2\/posts"}],"about":[{"href":"https:\/\/www.caririemacao.com\/1\/wp-json\/wp\/v2\/types\/post"}],"author":[{"embeddable":true,"href":"https:\/\/www.caririemacao.com\/1\/wp-json\/wp\/v2\/users\/2"}],"replies":[{"embeddable":true,"href":"https:\/\/www.caririemacao.com\/1\/wp-json\/wp\/v2\/comments?post=132277"}],"version-history":[{"count":1,"href":"https:\/\/www.caririemacao.com\/1\/wp-json\/wp\/v2\/posts\/132277\/revisions"}],"predecessor-version":[{"id":132279,"href":"https:\/\/www.caririemacao.com\/1\/wp-json\/wp\/v2\/posts\/132277\/revisions\/132279"}],"wp:featuredmedia":[{"embeddable":true,"href":"https:\/\/www.caririemacao.com\/1\/wp-json\/wp\/v2\/media\/132278"}],"wp:attachment":[{"href":"https:\/\/www.caririemacao.com\/1\/wp-json\/wp\/v2\/media?parent=132277"}],"wp:term":[{"taxonomy":"category","embeddable":true,"href":"https:\/\/www.caririemacao.com\/1\/wp-json\/wp\/v2\/categories?post=132277"},{"taxonomy":"post_tag","embeddable":true,"href":"https:\/\/www.caririemacao.com\/1\/wp-json\/wp\/v2\/tags?post=132277"}],"curies":[{"name":"wp","href":"https:\/\/api.w.org\/{rel}","templated":true}]}}