{"id":132280,"date":"2019-11-03T10:17:05","date_gmt":"2019-11-03T13:17:05","guid":{"rendered":"http:\/\/www.caririemacao.com\/1\/?p=132280"},"modified":"2019-11-03T10:17:05","modified_gmt":"2019-11-03T13:17:05","slug":"serrabranquense-fica-em-2o-lugar-na-olimpiada-nacional-de-ciencias-2019","status":"publish","type":"post","link":"https:\/\/www.caririemacao.com\/1\/2019\/11\/03\/serrabranquense-fica-em-2o-lugar-na-olimpiada-nacional-de-ciencias-2019\/","title":{"rendered":"Serrabranquense fica em 2\u00ba lugar na Olimp\u00edada Nacional de Ci\u00eancias 2019"},"content":{"rendered":"\n<p>O jovem serrabranquense, Jos\u00e9 Leonardo de Souza Lima Neto, aluno do 3\u00ba ano da Escola Estadual, Senador Jose Gaud\u00eancio, ficou em segundo em sua categoria no Resultado Final da Olimp\u00edada Nacional de Ci\u00eancias 2019.<\/p>\n\n\n\n<p>O evento foi realizado pela Universidade Federal do Piau\u00ed e teve o apoio do Minist\u00e9rio da Ci\u00eancia, Tecnologia, Inova\u00e7\u00f5es e Comunica\u00e7\u00f5es, do Programa Ci\u00eancia na Escola foi encerrada nesta quinta-feira, dia 31 de outubro.<\/p>\n\n\n\n<p>A premia\u00e7\u00e3o oficial da ONC est\u00e1 marcada para o dia 28\/11, 5\u00aa feira \u00e0s 18:30, na USP em S\u00e3o Paulo Capital. Ser\u00e1 em S\u00e3o Paulo por ser o estado que teve o maior n\u00famero de alunos premiados, conforme determina o regulamento.<\/p>\n\n\n\n<p>Todos certificados estar\u00e3o dispon\u00edveis ap\u00f3s a cerim\u00f4nia de premia\u00e7\u00e3o em https:\/\/certificados.onciencias.org\/<\/p>\n\n\n\n<p><strong>Servi\u00e7os<\/strong><\/p>\n\n\n\n<p>A Olimp\u00edada Nacional de Ci\u00eancias (ONC) integra o Programa Ci\u00eancia na Escola e \u00e9 uma realiza\u00e7\u00e3o de quatro Sociedades Cient\u00edficas: a SBF (Sociedade Brasileira de F\u00edsica) a ABQ (Associa\u00e7\u00e3o Brasileira de Qu\u00edmica) o INSTITUTO BUTANTAN e a SOCIEDADE ASTRON\u00d4MICA BRASILEIRA ; ela resulta de um convite do Minist\u00e9rio de Ci\u00eancia, Tecnologia e Inova\u00e7\u00e3o (MCTI) \u00e0s Sociedades e se destina a estudantes do Ensino M\u00e9dio e do \u00faltimo ano (9\u00ba ano) do Ensino Fundamental.<\/p>\n","protected":false},"excerpt":{"rendered":"<p>O jovem serrabranquense, Jos\u00e9 Leonardo de Souza Lima Neto, aluno do 3\u00ba ano da Escola Estadual, Senador Jose Gaud\u00eancio, ficou em segundo em sua categoria&hellip; <\/p>\n","protected":false},"author":1,"featured_media":132281,"comment_status":"closed","ping_status":"closed","sticky":false,"template":"","format":"standard","meta":{"sfsi_plus_gutenberg_text_before_share":"","sfsi_plus_gutenberg_show_text_before_share":"","sfsi_plus_gutenberg_icon_type":"","sfsi_plus_gutenberg_icon_alignemt":"","sfsi_plus_gutenburg_max_per_row":"","footnotes":""},"categories":[50,14],"tags":[],"class_list":["post-132280","post","type-post","status-publish","format-standard","has-post-thumbnail","hentry","category-destaque","category-educacao"],"_links":{"self":[{"href":"https:\/\/www.caririemacao.com\/1\/wp-json\/wp\/v2\/posts\/132280","targetHints":{"allow":["GET"]}}],"collection":[{"href":"https:\/\/www.caririemacao.com\/1\/wp-json\/wp\/v2\/posts"}],"about":[{"href":"https:\/\/www.caririemacao.com\/1\/wp-json\/wp\/v2\/types\/post"}],"author":[{"embeddable":true,"href":"https:\/\/www.caririemacao.com\/1\/wp-json\/wp\/v2\/users\/1"}],"replies":[{"embeddable":true,"href":"https:\/\/www.caririemacao.com\/1\/wp-json\/wp\/v2\/comments?post=132280"}],"version-history":[{"count":1,"href":"https:\/\/www.caririemacao.com\/1\/wp-json\/wp\/v2\/posts\/132280\/revisions"}],"predecessor-version":[{"id":132282,"href":"https:\/\/www.caririemacao.com\/1\/wp-json\/wp\/v2\/posts\/132280\/revisions\/132282"}],"wp:featuredmedia":[{"embeddable":true,"href":"https:\/\/www.caririemacao.com\/1\/wp-json\/wp\/v2\/media\/132281"}],"wp:attachment":[{"href":"https:\/\/www.caririemacao.com\/1\/wp-json\/wp\/v2\/media?parent=132280"}],"wp:term":[{"taxonomy":"category","embeddable":true,"href":"https:\/\/www.caririemacao.com\/1\/wp-json\/wp\/v2\/categories?post=132280"},{"taxonomy":"post_tag","embeddable":true,"href":"https:\/\/www.caririemacao.com\/1\/wp-json\/wp\/v2\/tags?post=132280"}],"curies":[{"name":"wp","href":"https:\/\/api.w.org\/{rel}","templated":true}]}}