{"id":132285,"date":"2019-11-03T10:56:01","date_gmt":"2019-11-03T13:56:01","guid":{"rendered":"http:\/\/www.caririemacao.com\/1\/?p=132285"},"modified":"2019-11-03T10:56:01","modified_gmt":"2019-11-03T13:56:01","slug":"celulares-voltam-a-adiantar-hora-mesmo-sem-horario-de-verao","status":"publish","type":"post","link":"https:\/\/www.caririemacao.com\/1\/2019\/11\/03\/celulares-voltam-a-adiantar-hora-mesmo-sem-horario-de-verao\/","title":{"rendered":"Celulares voltam a adiantar hora mesmo sem hor\u00e1rio de ver\u00e3o"},"content":{"rendered":"\n<p>Usu\u00e1rios relataram nas redes sociais que o rel\u00f3gio de seus aparelhos celulares foi adiantado de forma autom\u00e1tica para o hor\u00e1rio de ver\u00e3o na madrugada deste domingo (3). O problema\u00a0j\u00e1 havia ocorrido no fim de semana de 19 e 20 de outubro, data padr\u00e3o da mudan\u00e7a, mas que foi\u00a0revogada este ano pelo presidente Jair Bolsonaro.<\/p>\n\n\n\n<p>A reprograma\u00e7\u00e3o j\u00e1 era prevista, porque o hor\u00e1rio de ver\u00e3o em 2018 teve in\u00edcio no primeiro fim de semana de novembro. No ano passado, usu\u00e1rios tiveram a mesma reclama\u00e7\u00e3o.<\/p>\n\n\n\n<p>Na \u00faltima sexta-feira (1\u00ba), o\u00a0Google havia publicado um an\u00fancio oficialrecomendando que usu\u00e1rios de Android no Brasil alterassem as configura\u00e7\u00f5es autom\u00e1ticas de data e hora;\u00a0saiba como fazer isso. O Google sugere manter a desativa\u00e7\u00e3o at\u00e9 o dia 16 de fevereiro, quando o hor\u00e1rio de ver\u00e3o chegaria ao fim, se ainda estivesse em vigor.<\/p>\n\n\n\n<p>No \u00faltimo dia 18, as operadoras de telefonia disseram que tinham &#8220;desprogramaram a altera\u00e7\u00e3o&#8221; em suas plataformas, &#8220;de acordo com o novo decreto presidencial&#8221;. Mas, no dia 20, alguns usu\u00e1rios constataram a mudan\u00e7a de hor\u00e1rio autom\u00e1tica em seus aparelhos.<\/p>\n\n\n\n<h2 class=\"wp-block-heading\">Saiba corrigir<\/h2>\n\n\n\n<p><strong>Nos aparelhos Android<\/strong><\/p>\n\n\n\n<ol class=\"wp-block-list\"><li>Toque no \u00edcone &#8220;Configurar&#8221;;<\/li><li>Toque na op\u00e7\u00e3o &#8220;Data e hora&#8221;;<\/li><li>Desmarque a op\u00e7\u00e3o &#8220;Data e hora autom\u00e1ticas&#8221;<\/li><li>Configure manualmente a hora correta<\/li><\/ol>\n\n\n\n<p><strong>No iPhone<\/strong><\/p>\n\n\n\n<ol class=\"wp-block-list\"><li>Acesse a tela principal e toque na op\u00e7\u00e3o &#8220;Ajustes&#8221;<\/li><li>Toque na op\u00e7\u00e3o &#8220;Geral&#8221;<\/li><li>Toque na op\u00e7\u00e3o &#8220;Data e Hora&#8221;<\/li><li>Desabilite a op\u00e7\u00e3o de configura\u00e7\u00e3o do rel\u00f3gio &#8220;Automaticamente&#8221;<\/li><li>Configure manualmente o hor\u00e1rio correto<\/li><\/ol>\n\n\n\n<h2 class=\"wp-block-heading\">Hor\u00e1rio de ver\u00e3o<\/h2>\n\n\n\n<p>O objetivo por tr\u00e1s da origem do hor\u00e1rio de ver\u00e3o \u00e9 aproveitar os dias mais longos para obter um melhor aproveitamento da ilumina\u00e7\u00e3o natural, poupando recursos da matriz energ\u00e9tica e reduzindo os riscos de apag\u00f5es, principalmente no hor\u00e1rio entre 18h e 21h, quando as l\u00e2mpadas dos espa\u00e7os p\u00fablicos s\u00e3o ligadas, boa parte da popula\u00e7\u00e3o chega em casa e parte do com\u00e9rcio, escrit\u00f3rios e ind\u00fastria continua ativa.<\/p>\n\n\n\n<p>Mas, nos \u00faltimos anos, mudou o padr\u00e3o de consumo do pa\u00eds. L\u00e2mpadas incandescentes foram substitu\u00eddas por l\u00e2mpadas mais eficientes, e o hor\u00e1rio de pico de energia se deslocou do in\u00edcio da noite para o meio da tarde, por volta das 15h, devido ao aumento expressivo do uso de ar-condicionado.<\/p>\n\n\n\n<p>Estudo do Minist\u00e9rio de Minas e Energia divulgado no ano passado j\u00e1 apontava para a perda de efetividade do hor\u00e1rio de ver\u00e3o. Segundo a nota t\u00e9cnica, a ado\u00e7\u00e3o de outros instrumentos regulat\u00f3rios, como a tarifa branca e pre\u00e7o por hor\u00e1rio, pode produzir resultados mais relevantes para o setor el\u00e9trico.<\/p>\n\n\n\n<p>De acordo com o porta-voz da Presid\u00eancia da Rep\u00fablica, Ot\u00e1vio R\u00eago Barros, o governo fez uma pesquisa que mostrou que 53% dos entrevistados pediram o fim do hor\u00e1rio de ver\u00e3o. N\u00e3o foram divulgados, entretanto, detalhes da pesquisa.<\/p>\n\n\n\n<h2 class=\"wp-block-heading\">Hist\u00f3rico<\/h2>\n\n\n\n<p>No Brasil, o hor\u00e1rio de ver\u00e3o foi institu\u00eddo pela primeira vez no ver\u00e3o de 1931\/1932, pelo ent\u00e3o presidente Get\u00falio Vargas. Sua vers\u00e3o de estreia durou quase seis meses, vigorando de 3 de outubro de 1931 a 31 de mar\u00e7o de 1932.<\/p>\n\n\n\n<p>No ver\u00e3o seguinte, a medida foi novamente adotada, mas, depois, come\u00e7ou a ser em per\u00edodos n\u00e3o consecutivos. Primeiro, entre 1949 e 1953, depois, de 1963 a 1968, voltando em 1985 at\u00e9 abril de 2019, quando foi revogado por decreto.<\/p>\n\n\n\n<p>O per\u00edodo de vig\u00eancia do hor\u00e1rio de ver\u00e3o era vari\u00e1vel, mas, em m\u00e9dia, durava 120 dias.<\/p>\n\n\n\n<p>No mundo, o hor\u00e1rio diferenciado \u00e9 adotado em 70 pa\u00edses \u2014 e atinge cerca de um quarto da popula\u00e7\u00e3o mundial.<\/p>\n\n\n\n<p>O hor\u00e1rio de ver\u00e3o \u00e9 adotado em pa\u00edses como Canad\u00e1, Austr\u00e1lia, M\u00e9xico, Nova Zel\u00e2ndia, Chile, Paraguai e Uruguai.<\/p>\n","protected":false},"excerpt":{"rendered":"<p>Usu\u00e1rios relataram nas redes sociais que o rel\u00f3gio de seus aparelhos celulares foi adiantado de forma autom\u00e1tica para o hor\u00e1rio de ver\u00e3o na madrugada deste&hellip; <\/p>\n","protected":false},"author":1,"featured_media":132291,"comment_status":"closed","ping_status":"closed","sticky":false,"template":"","format":"standard","meta":{"sfsi_plus_gutenberg_text_before_share":"","sfsi_plus_gutenberg_show_text_before_share":"","sfsi_plus_gutenberg_icon_type":"","sfsi_plus_gutenberg_icon_alignemt":"","sfsi_plus_gutenburg_max_per_row":"","footnotes":""},"categories":[2],"tags":[],"class_list":["post-132285","post","type-post","status-publish","format-standard","has-post-thumbnail","hentry","category-geral"],"_links":{"self":[{"href":"https:\/\/www.caririemacao.com\/1\/wp-json\/wp\/v2\/posts\/132285","targetHints":{"allow":["GET"]}}],"collection":[{"href":"https:\/\/www.caririemacao.com\/1\/wp-json\/wp\/v2\/posts"}],"about":[{"href":"https:\/\/www.caririemacao.com\/1\/wp-json\/wp\/v2\/types\/post"}],"author":[{"embeddable":true,"href":"https:\/\/www.caririemacao.com\/1\/wp-json\/wp\/v2\/users\/1"}],"replies":[{"embeddable":true,"href":"https:\/\/www.caririemacao.com\/1\/wp-json\/wp\/v2\/comments?post=132285"}],"version-history":[{"count":1,"href":"https:\/\/www.caririemacao.com\/1\/wp-json\/wp\/v2\/posts\/132285\/revisions"}],"predecessor-version":[{"id":132292,"href":"https:\/\/www.caririemacao.com\/1\/wp-json\/wp\/v2\/posts\/132285\/revisions\/132292"}],"wp:featuredmedia":[{"embeddable":true,"href":"https:\/\/www.caririemacao.com\/1\/wp-json\/wp\/v2\/media\/132291"}],"wp:attachment":[{"href":"https:\/\/www.caririemacao.com\/1\/wp-json\/wp\/v2\/media?parent=132285"}],"wp:term":[{"taxonomy":"category","embeddable":true,"href":"https:\/\/www.caririemacao.com\/1\/wp-json\/wp\/v2\/categories?post=132285"},{"taxonomy":"post_tag","embeddable":true,"href":"https:\/\/www.caririemacao.com\/1\/wp-json\/wp\/v2\/tags?post=132285"}],"curies":[{"name":"wp","href":"https:\/\/api.w.org\/{rel}","templated":true}]}}