{"id":132286,"date":"2019-11-03T10:40:35","date_gmt":"2019-11-03T13:40:35","guid":{"rendered":"http:\/\/www.caririemacao.com\/1\/?p=132286"},"modified":"2019-11-03T10:43:21","modified_gmt":"2019-11-03T13:43:21","slug":"pm-intercepta-acusados-de-assalto-no-sitio-angiquino-em-monteiro-pb-e-apreende-moto-e-armas-usadas-para-o-crime","status":"publish","type":"post","link":"https:\/\/www.caririemacao.com\/1\/2019\/11\/03\/pm-intercepta-acusados-de-assalto-no-sitio-angiquino-em-monteiro-pb-e-apreende-moto-e-armas-usadas-para-o-crime\/","title":{"rendered":"PM intercepta acusados de assalto no s\u00edtio Angiquino em Monteiro-PB e apreende moto e armas usadas para o crime"},"content":{"rendered":"\n<p>Ontem por volta das 19h30min o COPOM recebeu um chamado de emerg\u00eancia informando que estava havendo um roubo em andamento no S\u00edtio Angiquino, e de imediato uma guarni\u00e7\u00e3o da pol\u00edcia militar se deslocou em dire\u00e7\u00e3o ao local, quando no trajeto depararam com dois indiv\u00edduos em uma motocicleta, a guarni\u00e7\u00e3o fez o retorno e em seguida o acompanhamento, e pr\u00f3ximo \u00e0 entrada da cidade os acusados ca\u00edram e empreenderam fuga entrando na caatinga, deixando para traz 01 (uma) motocicleta Honda CG 150 cor prata, 02 (duas) armas de fogo, 02 (duas) carteiras com a quantia de r$ 105,00(cento e cinco reais), 01 (um)  casaco preto e 01 (uma)  touca ninja. <\/p>\n\n\n\n<figure class=\"wp-block-image\"><img fetchpriority=\"high\" decoding=\"async\" width=\"576\" height=\"1024\" src=\"http:\/\/www.caririemacao.com\/1\/wp-content\/uploads\/2019\/11\/IMG-20191103-WA0066-576x1024.jpg\" alt=\"\" class=\"wp-image-132288\" srcset=\"https:\/\/www.caririemacao.com\/1\/wp-content\/uploads\/2019\/11\/IMG-20191103-WA0066-576x1024.jpg 576w, https:\/\/www.caririemacao.com\/1\/wp-content\/uploads\/2019\/11\/IMG-20191103-WA0066-169x300.jpg 169w, https:\/\/www.caririemacao.com\/1\/wp-content\/uploads\/2019\/11\/IMG-20191103-WA0066.jpg 720w\" sizes=\"(max-width: 576px) 100vw, 576px\" \/><\/figure>\n\n\n\n<p>Testemunhas informara a guarni\u00e7\u00e3o que os indiv\u00edduos efetuaram um disparo de arma de fogo (revolver) contra a v\u00edtima Francisco de Assis Batista Rocha, vindo a acerta o seu bra\u00e7o direito, o mesmo foi socorrido para o hospital Santa Filomena.<\/p>\n\n\n\n<figure class=\"wp-block-image\"><img decoding=\"async\" width=\"576\" height=\"1024\" data-src=\"http:\/\/www.caririemacao.com\/1\/wp-content\/uploads\/2019\/11\/IMG-20191103-WA0067-576x1024.jpg\" alt=\"\" class=\"wp-image-132289 lazyload\" data-srcset=\"https:\/\/www.caririemacao.com\/1\/wp-content\/uploads\/2019\/11\/IMG-20191103-WA0067-576x1024.jpg 576w, https:\/\/www.caririemacao.com\/1\/wp-content\/uploads\/2019\/11\/IMG-20191103-WA0067-169x300.jpg 169w, https:\/\/www.caririemacao.com\/1\/wp-content\/uploads\/2019\/11\/IMG-20191103-WA0067.jpg 720w\" data-sizes=\"(max-width: 576px) 100vw, 576px\" src=\"data:image\/svg+xml;base64,PHN2ZyB3aWR0aD0iMSIgaGVpZ2h0PSIxIiB4bWxucz0iaHR0cDovL3d3dy53My5vcmcvMjAwMC9zdmciPjwvc3ZnPg==\" style=\"--smush-placeholder-width: 576px; --smush-placeholder-aspect-ratio: 576\/1024;\" \/><\/figure>\n\n\n\n<p>Todo o material foi apreendido e encaminhado at\u00e9 a delegacia para providencias.<\/p>\n\n\n\n<p><em>material apreendido<\/em><\/p>\n\n\n\n<ul class=\"wp-block-list\"><li>01 (um) Revolver TAURUS, n\u00ba 330690, calibre .38 <\/li><li>01 (um) Revolver n\u00ba 32853, calibre .38 <\/li><li>11 (onze) muni\u00e7\u00f5es intactas<\/li><li>01 (uma) muni\u00e7\u00e3o deflagrada<\/li><li>01 (uma) carteira com R$ 55,00 (cinquenta e cinco reais)<\/li><li>01 (uma) carteira com R$ 50,00 (cinquenta reais)<\/li><li>01 (uma) moto Honda CG 150 Fan, cor prata, placa PFP 6259 de Sert\u00e2nia -PE<\/li><li>01 (uma) touca ninja <\/li><li>01 (um) capacete vermelho<\/li><li>01 (um) casaco preto <\/li><\/ul>\n\n\n\n<p><em>MAJOR QOC SAMARONI<\/em><br>\nCMT 11\u00b0 BPM<\/p>\n\n\n\n<p><em>MAJOR QOC BRUNO<\/em><br>\nSUB CMT 11\u00b0 BPM<\/p>\n","protected":false},"excerpt":{"rendered":"<p>Ontem por volta das 19h30min o COPOM recebeu um chamado de emerg\u00eancia informando que estava havendo um roubo em andamento no S\u00edtio Angiquino, e de&hellip; <\/p>\n","protected":false},"author":1,"featured_media":104568,"comment_status":"closed","ping_status":"closed","sticky":false,"template":"","format":"standard","meta":{"sfsi_plus_gutenberg_text_before_share":"","sfsi_plus_gutenberg_show_text_before_share":"","sfsi_plus_gutenberg_icon_type":"","sfsi_plus_gutenberg_icon_alignemt":"","sfsi_plus_gutenburg_max_per_row":"","footnotes":""},"categories":[50,12],"tags":[],"class_list":["post-132286","post","type-post","status-publish","format-standard","has-post-thumbnail","hentry","category-destaque","category-policia"],"_links":{"self":[{"href":"https:\/\/www.caririemacao.com\/1\/wp-json\/wp\/v2\/posts\/132286","targetHints":{"allow":["GET"]}}],"collection":[{"href":"https:\/\/www.caririemacao.com\/1\/wp-json\/wp\/v2\/posts"}],"about":[{"href":"https:\/\/www.caririemacao.com\/1\/wp-json\/wp\/v2\/types\/post"}],"author":[{"embeddable":true,"href":"https:\/\/www.caririemacao.com\/1\/wp-json\/wp\/v2\/users\/1"}],"replies":[{"embeddable":true,"href":"https:\/\/www.caririemacao.com\/1\/wp-json\/wp\/v2\/comments?post=132286"}],"version-history":[{"count":2,"href":"https:\/\/www.caririemacao.com\/1\/wp-json\/wp\/v2\/posts\/132286\/revisions"}],"predecessor-version":[{"id":132290,"href":"https:\/\/www.caririemacao.com\/1\/wp-json\/wp\/v2\/posts\/132286\/revisions\/132290"}],"wp:featuredmedia":[{"embeddable":true,"href":"https:\/\/www.caririemacao.com\/1\/wp-json\/wp\/v2\/media\/104568"}],"wp:attachment":[{"href":"https:\/\/www.caririemacao.com\/1\/wp-json\/wp\/v2\/media?parent=132286"}],"wp:term":[{"taxonomy":"category","embeddable":true,"href":"https:\/\/www.caririemacao.com\/1\/wp-json\/wp\/v2\/categories?post=132286"},{"taxonomy":"post_tag","embeddable":true,"href":"https:\/\/www.caririemacao.com\/1\/wp-json\/wp\/v2\/tags?post=132286"}],"curies":[{"name":"wp","href":"https:\/\/api.w.org\/{rel}","templated":true}]}}