{"id":132294,"date":"2019-11-03T11:27:34","date_gmt":"2019-11-03T14:27:34","guid":{"rendered":"http:\/\/www.caririemacao.com\/1\/?p=132294"},"modified":"2019-11-03T11:27:34","modified_gmt":"2019-11-03T14:27:34","slug":"juazeirinhense-tem-caminhao-tomado-por-assalto-na-br-230","status":"publish","type":"post","link":"https:\/\/www.caririemacao.com\/1\/2019\/11\/03\/juazeirinhense-tem-caminhao-tomado-por-assalto-na-br-230\/","title":{"rendered":"Juazeirinhense tem caminh\u00e3o tomado por assalto na BR-230"},"content":{"rendered":"\n<p>Bandidos assaltaram na noite desta sexta-feira (1), Jos\u00e9 Nailton Xavier de Ara\u00fajo, e roubaram seu caminh\u00e3o, um Ford F4000 de cor verde, ano 1985 e placas JKZ \u2013 0455 \u2013 JUAZEIRINHO\/PB.<\/p>\n\n\n\n<p>De acordo com informa\u00e7\u00f5es, Nailton foi contratado pelos marginais para fazer um frete, mas quando chegou perto de Campina Grande, pela BR 230, os ladr\u00f5es anunciaram o assalto e levaram o caminh\u00e3o, que \u00e9 a \u00fanica ferramenta de trabalho, comprado por R$ 25 mil ap\u00f3s anos de trabalho.<\/p>\n\n\n\n<p>Nailton reside em Juazeirinho e nutre a esperan\u00e7a de conseguir recuperar o seu caminh\u00e3o.<\/p>\n","protected":false},"excerpt":{"rendered":"<p>Bandidos assaltaram na noite desta sexta-feira (1), Jos\u00e9 Nailton Xavier de Ara\u00fajo, e roubaram seu caminh\u00e3o, um Ford F4000 de cor verde, ano 1985 e&hellip; <\/p>\n","protected":false},"author":1,"featured_media":25307,"comment_status":"closed","ping_status":"closed","sticky":false,"template":"","format":"standard","meta":{"sfsi_plus_gutenberg_text_before_share":"","sfsi_plus_gutenberg_show_text_before_share":"","sfsi_plus_gutenberg_icon_type":"","sfsi_plus_gutenberg_icon_alignemt":"","sfsi_plus_gutenburg_max_per_row":"","footnotes":""},"categories":[12],"tags":[],"class_list":["post-132294","post","type-post","status-publish","format-standard","has-post-thumbnail","hentry","category-policia"],"_links":{"self":[{"href":"https:\/\/www.caririemacao.com\/1\/wp-json\/wp\/v2\/posts\/132294","targetHints":{"allow":["GET"]}}],"collection":[{"href":"https:\/\/www.caririemacao.com\/1\/wp-json\/wp\/v2\/posts"}],"about":[{"href":"https:\/\/www.caririemacao.com\/1\/wp-json\/wp\/v2\/types\/post"}],"author":[{"embeddable":true,"href":"https:\/\/www.caririemacao.com\/1\/wp-json\/wp\/v2\/users\/1"}],"replies":[{"embeddable":true,"href":"https:\/\/www.caririemacao.com\/1\/wp-json\/wp\/v2\/comments?post=132294"}],"version-history":[{"count":1,"href":"https:\/\/www.caririemacao.com\/1\/wp-json\/wp\/v2\/posts\/132294\/revisions"}],"predecessor-version":[{"id":132295,"href":"https:\/\/www.caririemacao.com\/1\/wp-json\/wp\/v2\/posts\/132294\/revisions\/132295"}],"wp:featuredmedia":[{"embeddable":true,"href":"https:\/\/www.caririemacao.com\/1\/wp-json\/wp\/v2\/media\/25307"}],"wp:attachment":[{"href":"https:\/\/www.caririemacao.com\/1\/wp-json\/wp\/v2\/media?parent=132294"}],"wp:term":[{"taxonomy":"category","embeddable":true,"href":"https:\/\/www.caririemacao.com\/1\/wp-json\/wp\/v2\/categories?post=132294"},{"taxonomy":"post_tag","embeddable":true,"href":"https:\/\/www.caririemacao.com\/1\/wp-json\/wp\/v2\/tags?post=132294"}],"curies":[{"name":"wp","href":"https:\/\/api.w.org\/{rel}","templated":true}]}}