{"id":132298,"date":"2019-11-03T11:30:19","date_gmt":"2019-11-03T14:30:19","guid":{"rendered":"http:\/\/www.caririemacao.com\/1\/?p=132298"},"modified":"2019-11-03T11:30:19","modified_gmt":"2019-11-03T14:30:19","slug":"governo-do-estado-inaugura-fabrica-em-penitenciaria","status":"publish","type":"post","link":"https:\/\/www.caririemacao.com\/1\/2019\/11\/03\/governo-do-estado-inaugura-fabrica-em-penitenciaria\/","title":{"rendered":"Governo do Estado inaugura f\u00e1brica em penitenci\u00e1ria"},"content":{"rendered":"\n<p>O Governo do Estado, por meio da Secretaria da Administra\u00e7\u00e3o Penitenci\u00e1ria, inaugurou, nessa quinta-feira (31), a f\u00e1brica de sand\u00e1lias \u201cCal\u00e7ados para Liberdade\u201d na Penitenci\u00e1ria Desembargador Silvio Porto. Trata-se de mais um projeto de ressocializa\u00e7\u00e3o, que conta com a parceria do Conselho da Comunidade (Anabe), Associa\u00e7\u00e3o do Banco do Brasil e Instituto Viva Cidadania.<\/p>\n\n\n\n<p>Foram investidos no projeto da f\u00e1brica de sand\u00e1lias mais de R$ 30 mil para compra de seis maquin\u00e1rios com capacidade de produ\u00e7\u00e3o para 1.200 pares de sand\u00e1lias por dia. Inicialmente far\u00e3o parte da produ\u00e7\u00e3o tr\u00eas reeducandos que foram capacitados, mas a expectativa \u00e9 aumentar este n\u00famero de reeducandos trabalhando na f\u00e1brica com o crescimento da demanda. As sand\u00e1lias confeccionadas a princ\u00edpio ser\u00e3o de borracha, mas com perspectiva de ampliar a confec\u00e7\u00e3o para outros tipos de cal\u00e7ados.<\/p>\n\n\n\n<p>A abertura do evento de inaugura\u00e7\u00e3o da f\u00e1brica de sand\u00e1lias contou com a participa\u00e7\u00e3o do coral de reeducandos da Penitenci\u00e1ria Silvio Porto, Voz da Para\u00edba, que cantou o Hino da Para\u00edba e a m\u00fasica Disparada, do cantor e compositor paraibano Geraldo Vandr\u00e9.<\/p>\n\n\n\n<p>O secret\u00e1rio da Seap, S\u00e9rgio Fonseca, ressaltou na ocasi\u00e3o a import\u00e2ncia fundamental das parcerias nestes projetos de ressocializa\u00e7\u00e3o. \u201cA ressocializa\u00e7\u00e3o tem sido alvo da gest\u00e3o e investir e acreditar no ser humano \u00e9 dever n\u00e3o s\u00f3 das institui\u00e7\u00f5es, mas da sociedade. A ressocializa\u00e7\u00e3o \u00e9 um dos caminhos poss\u00edveis de se acreditar\u201d, comentou ao destacar o excelente material humano que a Secretaria tem hoje no quadro de agentes penitenci\u00e1rios, cujo empenho faz a diferen\u00e7a nos avan\u00e7os da ressocializa\u00e7\u00e3o dos apenados.<\/p>\n\n\n\n<p>S\u00e9rgio Fonseca ressaltou ainda que este projeto da f\u00e1brica integrado ao Conselho da Comunidade, dentre outros parceiros, tem o objetivo de gerar oportunidades e uma nova expectativa de vida \u00e0s pessoas que quando chegam no sistema penitenci\u00e1rio t\u00eam o seu direito de liberdade cerceado, \u201cmas os demais direitos s\u00e3o preservados e dentro desta l\u00f3gica, a Secretaria tem investido na ger\u00eancia de ressocializa\u00e7\u00e3o com a meta de trazer para estas pessoas uma nova perspectiva de vida fora do c\u00e1rcere, ap\u00f3s cumprirem suas penas. Os reeducandos tamb\u00e9m ter\u00e3o sua pena remida em um dia para tr\u00eas dias trabalhados no projeto\u201d.<\/p>\n\n\n\n<p>O secret\u00e1rio executivo da Administra\u00e7\u00e3o Penitenci\u00e1ria, Jo\u00e3o Paulo, falou que a f\u00e1brica de sand\u00e1lias foi muito bem-vinda, agradeceu as parcerias por ajudar nessas metas e lembrou que a f\u00e1brica ser\u00e1 um segmento importante no processo de reinser\u00e7\u00e3o social dos reeducandos, uma vez que \u201co trabalho traz dignidade ao ser humano\u201d. Ele ainda enfatizou o papel da administra\u00e7\u00e3o penitenci\u00e1ria em promover a reintegra\u00e7\u00e3o do indiv\u00edduo \u00e0 sociedade.<\/p>\n\n\n\n<p>Novos Projetos \u2013 A gerente de Ressocializa\u00e7\u00e3o, Ziza Maia, falou da import\u00e2ncia de se investir na qualifica\u00e7\u00e3o profissional dos reeducandos, acrescentando que este projeto da f\u00e1brica de sand\u00e1lias amplia o quadro de projetos da ressocializa\u00e7\u00e3o, juntamente com as parcerias.<\/p>\n\n\n\n<p>Ziza adiantou que tamb\u00e9m est\u00e1 sendo instalada uma f\u00e1brica de corte e costura industrial no sistema prisional, que vai fazer com que o sistema comece a ser autossuficiente com rela\u00e7\u00e3o a sua pr\u00f3pria produ\u00e7\u00e3o e manuten\u00e7\u00e3o dos fardamentos dos apenados. \u201cCom essa f\u00e1brica de corte e costura instalada no sistema e mais a confec\u00e7\u00e3o das sand\u00e1lias, teremos a\u00ed o kit fardamento, confeccionado totalmente no sistema penitenci\u00e1rio, nos tornando n\u00e3o s\u00f3 autossuficientes, mas levando a uma economia de compra de aquisi\u00e7\u00e3o de produtos. A meta \u00e9 n\u00e3o s\u00f3 suprir as nossas necessidades, mas poder tamb\u00e9m comercializar estes produtos e reverter a renda n\u00e3o s\u00f3 para investir nas unidades j\u00e1 contempladas com projetos de ressocializa\u00e7\u00e3o, mas como poder investir na realiza\u00e7\u00e3o de novos projetos dentro de unidades hoje n\u00e3o contempladas\u201d, comentou.<\/p>\n\n\n\n<p>Sergio Flores, presidente do Conselho da Comunidade, disse que a f\u00e1brica de sand\u00e1lias \u00e9 a realiza\u00e7\u00e3o de um sonho antigo. \u201c\u00c9 importante o espa\u00e7o que a\u00e7\u00f5es como esta proporciona \u00e0queles que est\u00e3o cativos de liberdade, poder fazer algo construtivo, desenvolver uma fun\u00e7\u00e3o, sair da ociosidade e abrir a mente para algo novo\u201d, pontuou.<\/p>\n\n\n\n<p>A coordenadora estadual de Educa\u00e7\u00e3o dentro das unidades prisionais, Liana de Aquino, lembrou a necessidade fundamental da parceria do Eixo Educa\u00e7\u00e3o, juntamente com a Ci\u00eancia e Tecnologia e com a Seap dentro do Eixo Ressocializa\u00e7\u00e3o. \u201cTendo essas parcerias de integra\u00e7\u00e3o com a meta de inserir os reeducandos no mercado de trabalho, sem d\u00favida ser\u00e1 uma porta aberta para eles, al\u00e9m do incentivo ao empreendedorismo fora das unidades prisionais\u201d, disse.<\/p>\n\n\n\n<p>O evento ainda contou com as presen\u00e7as do desembargador Romero Marcelo; do Juiz da Vara de Execu\u00e7\u00e3o Penal de Jo\u00e3o Pessoa, Carlos Neves; da ju\u00edza auxiliar da Vara de Execu\u00e7\u00e3o Penal de Jo\u00e3o Pessoa, Andr\u00e9a Arcoverde; representantes da OAB e Defensoria P\u00fablica; ju\u00edzes corregedores do Tribunal de justi\u00e7a; do diretor da Associa\u00e7\u00e3o Nacional dos Funcion\u00e1rios do Banco do Brasil, Reinaldo Fujimoto, do gerente da Gesipe, Ronaldo Porf\u00edrio; diretores de outras unidades prisionais, como Jo\u00e3o Rosas, da Geraldo Beltr\u00e3o; Cinthya Almeida, do Pres\u00eddio Feminino Maria J\u00falia Maranh\u00e3o, dentre outros.<\/p>\n","protected":false},"excerpt":{"rendered":"<p>O Governo do Estado, por meio da Secretaria da Administra\u00e7\u00e3o Penitenci\u00e1ria, inaugurou, nessa quinta-feira (31), a f\u00e1brica de sand\u00e1lias \u201cCal\u00e7ados para Liberdade\u201d na Penitenci\u00e1ria Desembargador&hellip; <\/p>\n","protected":false},"author":1,"featured_media":132299,"comment_status":"closed","ping_status":"closed","sticky":false,"template":"","format":"standard","meta":{"sfsi_plus_gutenberg_text_before_share":"","sfsi_plus_gutenberg_show_text_before_share":"","sfsi_plus_gutenberg_icon_type":"","sfsi_plus_gutenberg_icon_alignemt":"","sfsi_plus_gutenburg_max_per_row":"","footnotes":""},"categories":[2],"tags":[],"class_list":["post-132298","post","type-post","status-publish","format-standard","has-post-thumbnail","hentry","category-geral"],"_links":{"self":[{"href":"https:\/\/www.caririemacao.com\/1\/wp-json\/wp\/v2\/posts\/132298","targetHints":{"allow":["GET"]}}],"collection":[{"href":"https:\/\/www.caririemacao.com\/1\/wp-json\/wp\/v2\/posts"}],"about":[{"href":"https:\/\/www.caririemacao.com\/1\/wp-json\/wp\/v2\/types\/post"}],"author":[{"embeddable":true,"href":"https:\/\/www.caririemacao.com\/1\/wp-json\/wp\/v2\/users\/1"}],"replies":[{"embeddable":true,"href":"https:\/\/www.caririemacao.com\/1\/wp-json\/wp\/v2\/comments?post=132298"}],"version-history":[{"count":1,"href":"https:\/\/www.caririemacao.com\/1\/wp-json\/wp\/v2\/posts\/132298\/revisions"}],"predecessor-version":[{"id":132300,"href":"https:\/\/www.caririemacao.com\/1\/wp-json\/wp\/v2\/posts\/132298\/revisions\/132300"}],"wp:featuredmedia":[{"embeddable":true,"href":"https:\/\/www.caririemacao.com\/1\/wp-json\/wp\/v2\/media\/132299"}],"wp:attachment":[{"href":"https:\/\/www.caririemacao.com\/1\/wp-json\/wp\/v2\/media?parent=132298"}],"wp:term":[{"taxonomy":"category","embeddable":true,"href":"https:\/\/www.caririemacao.com\/1\/wp-json\/wp\/v2\/categories?post=132298"},{"taxonomy":"post_tag","embeddable":true,"href":"https:\/\/www.caririemacao.com\/1\/wp-json\/wp\/v2\/tags?post=132298"}],"curies":[{"name":"wp","href":"https:\/\/api.w.org\/{rel}","templated":true}]}}