{"id":132307,"date":"2019-11-03T18:02:08","date_gmt":"2019-11-03T21:02:08","guid":{"rendered":"http:\/\/www.caririemacao.com\/1\/?p=132307"},"modified":"2019-11-03T18:02:08","modified_gmt":"2019-11-03T21:02:08","slug":"tema-da-redacao-do-enem-surpreende-professores","status":"publish","type":"post","link":"https:\/\/www.caririemacao.com\/1\/2019\/11\/03\/tema-da-redacao-do-enem-surpreende-professores\/","title":{"rendered":"Tema da reda\u00e7\u00e3o do Enem surpreende professores"},"content":{"rendered":"\n<p>O tema da reda\u00e7\u00e3o do Exame Nacional do Ensino M\u00e9dio (Enem) deste ano pegou professores de surpresa. Muitas apostas eram nas \u00e1reas da sa\u00fade, meio ambiente, educa\u00e7\u00e3o e tecnologia. O<a href=\"http:\/\/agenciabrasil.ebc.com.br\/educacao\/noticia\/2019-11\/democratizacao-do-acesso-ao-cinema-no-brasil-e-tema-da-redacao-do-enem\">&nbsp;tema escolhido<\/a>&nbsp;\u00e9 Democratiza\u00e7\u00e3o do acesso ao cinema no Brasil. A prova \u00e9 aplicada neste domingo (3) junto com linguagens e ci\u00eancias humanas.&nbsp;<\/p>\n\n\n\n<p>O tema foi divulgado ap\u00f3s \u00e0s 13h30, no hor\u00e1rio de Bras\u00edlia, quando o exame come\u00e7ou a ser aplicado em todo o pa\u00eds. \u201cEu achei totalmente inesperado, totalmente fora do que a gente estava imaginando\u201d, disse a professora de reda\u00e7\u00e3o do Col\u00e9gio Mopi, no Rio de Janeiro, Tatiana Nunes. \u201cN\u00e3o estava no rol das grandes apostas que os alunos estavam comentando, e isso pode gerar certa ansiedade, mas acho que \u00e9 um tema legal e acess\u00edvel ao jovem, algo do tempo dele\u201d, complementa a professora de reda\u00e7\u00e3o do curso&nbsp;<em>online<\/em>&nbsp;Descomplica Carol Achutti.&nbsp;<\/p>\n\n\n\n<p>Para o professor de reda\u00e7\u00e3o do ProEnem, plataforma&nbsp;<em>online<\/em>&nbsp;de prepara\u00e7\u00e3o para o exame, Romulo Bolivar, no entanto, o tema n\u00e3o surpreende \u201cquem est\u00e1 se preparando h\u00e1 algum tempo para o Enem, que tem o perfil de cobrar temas atuais, sociais, relacionados \u00e0 realidade brasileira e que n\u00e3o s\u00e3o moralmente pol\u00eamicos\u201d. O tema da reda\u00e7\u00e3o, segundo o professor, \u00e9 escolhido no primeiro semestre do ano.&nbsp;<\/p>\n\n\n\n<p>\u201cEu acho que \u00e9 um tema interessante, \u00e9 bem interessante pensar essa quest\u00e3o cultural no Brasil, principalmente com as quest\u00f5es recentes que v\u00eam acontecendo. Acho que \u00e9 um tema que tem bastante coisa a ser discutida\u201d, diz a professora do Col\u00e9gio Seri\u00f6s, em Bras\u00edlia, Jade Nobre.&nbsp;<\/p>\n\n\n\n<p>A reda\u00e7\u00e3o do Enem deve ser do tipo dissertativo-argumentativo, com at\u00e9 30 linhas, desenvolvida a partir da situa\u00e7\u00e3o-problema proposta e de subs\u00eddios oferecidos pelos textos motivadores. Os textos motivadores ainda n\u00e3o foram divulgados. Reda\u00e7\u00f5es com menos de sete linhas recebem nota zero, assim como as que reproduzem integralmente trechos dos textos motivadores e de itens do Caderno de Quest\u00f5es.<\/p>\n\n\n\n<p>Um texto dissertativo-argumentativo deve ser&nbsp;<a href=\"http:\/\/agenciabrasil.ebc.com.br\/educacao\/noticia\/2019-10\/veja-como-tirar-nota-mil-na-redacao-do-enem\">opinativo e organizado para a defesa de um ponto de vista<\/a>. A opini\u00e3o do autor deve estar fundamentada com explica\u00e7\u00f5es e argumentos.<\/p>\n\n\n\n<p>Na opini\u00e3o dos professores, dependendo conforme o que for pedido na prova e nos textos de apoio, os estudantes podem tratar, por exemplo da expans\u00e3o do cinema por canais da internet. Podem tamb\u00e9m tratar de incentivos \u00e0 cultura e de fechamentos de salas de cinema.&nbsp;<\/p>\n\n\n\n<p>\u201c\u00c9 bom a gente lembrar que em alguns lugares, em alguns centros urbanos do pa\u00eds, tem-se acesso bem f\u00e1cil ao cinema, com&nbsp;<em>shopping centers<\/em>, promo\u00e7\u00f5es, acesso mais barato para idosos e estudantes. Mas, em muitas cidades, n\u00e3o h\u00e1 sequer uma sala de cinema\u201d, destaca Bolivar.<\/p>\n\n\n\n<p>De acordo com a Ag\u00eancia Nacional do Cinema (Ancine), a Regi\u00e3o Sudeste concentra 52% de todas as salas de cinema do pa\u00eds. Ao todo, o Brasil tem 3.347 salas de cinema, das quais 373 s\u00e3o salas de rua. Os dados s\u00e3o do&nbsp;<a href=\"http:\/\/https\/\/oca.ancine.gov.br\/sites\/default\/files\/repositorio\/pdf\/informe_salas_de_exibicao_2018.pdf\">Informe Salas de Exibi\u00e7\u00e3o 2018<\/a>, que apontou naquele ano um crescimento de 3,8% do parque exibidor em rela\u00e7\u00e3o a 2017.<\/p>\n\n\n\n<p>Segundo Tatiana, dependendo da orienta\u00e7\u00e3o da prova, \u00e9 poss\u00edvel tamb\u00e9m abordar a quest\u00e3o da acessibilidade a pessoas com defici\u00eancia e tamb\u00e9m o incentivo ao cinema brasileiro. \u201cSe o tema tiver falando de quest\u00e3o da acessibilidade, pode-se pensar na necessidade de empresas que det\u00eam esse tipo de entretenimento darem condi\u00e7\u00f5es para as pessoas com defici\u00eancia terem acesso aos cinemas. Tamb\u00e9m pode-se pensar na valoriza\u00e7\u00e3o do cinema brasileiro, porque nosso cinema ainda \u00e9 muito visto como sendo menor [que o estrangeiro].\u201d<\/p>\n\n\n\n<p>A aplica\u00e7\u00e3o do Enem vai at\u00e9 as 19h, no hor\u00e1rio de Bras\u00edlia. O exame segue no pr\u00f3ximo domingo, quando os estudantes fazem provas de matem\u00e1tica e ci\u00eancias da natureza.&nbsp;<\/p>\n\n\n\n<h2 class=\"wp-block-heading\">Veja os temas da reda\u00e7\u00e3o de edi\u00e7\u00f5es anteriores:<\/h2>\n\n\n\n<p>Enem 2009: O indiv\u00edduo frente \u00e0 \u00e9tica nacional<\/p>\n\n\n\n<p>Enem 2010: O trabalho na constru\u00e7\u00e3o da dignidade humana<\/p>\n\n\n\n<p>Enem 2011:&nbsp; Viver em rede no s\u00e9culo XXI: Os limites entre o p\u00fablico e o privado<\/p>\n\n\n\n<p>Enem 2012: O movimento imigrat\u00f3rio para o Brasil no s\u00e9culo XXI<\/p>\n\n\n\n<p>Enem 2013:&nbsp; Efeitos da implanta\u00e7\u00e3o da Lei Seca no Brasil<\/p>\n\n\n\n<p>Enem 2014: Publicidade infantil em quest\u00e3o no Brasil<\/p>\n\n\n\n<p>Enem 2015: A persist\u00eancia da viol\u00eancia contra a mulher na sociedade brasileira<\/p>\n\n\n\n<p>Enem 2016: Caminhos para combater a intoler\u00e2ncia religiosa no Brasil e Caminhos para combater o racismo no Brasil &#8211; Neste ano houve&nbsp;<a href=\"http:\/\/agenciabrasil.ebc.com.br\/educacao\/noticia\/2016-11\/mec-adia-enem-de-mais-de-191-mil-estudantes-para-os-dias-3-e-4-de-dezembro\">duas aplica\u00e7\u00f5es<\/a>&nbsp;do exame.<\/p>\n\n\n\n<p>Enem 2017: Desafios para forma\u00e7\u00e3o educacional de surdos no Brasil<\/p>\n\n\n\n<p>Enem 2018: Manipula\u00e7\u00e3o do comportamento do usu\u00e1rio pelo controle de dados na internet<\/p>\n","protected":false},"excerpt":{"rendered":"<p>O tema da reda\u00e7\u00e3o do Exame Nacional do Ensino M\u00e9dio (Enem) deste ano pegou professores de surpresa. Muitas apostas eram nas \u00e1reas da sa\u00fade, meio&hellip; <\/p>\n","protected":false},"author":1,"featured_media":131792,"comment_status":"closed","ping_status":"closed","sticky":false,"template":"","format":"standard","meta":{"sfsi_plus_gutenberg_text_before_share":"","sfsi_plus_gutenberg_show_text_before_share":"","sfsi_plus_gutenberg_icon_type":"","sfsi_plus_gutenberg_icon_alignemt":"","sfsi_plus_gutenburg_max_per_row":"","footnotes":""},"categories":[14],"tags":[],"class_list":["post-132307","post","type-post","status-publish","format-standard","has-post-thumbnail","hentry","category-educacao"],"_links":{"self":[{"href":"https:\/\/www.caririemacao.com\/1\/wp-json\/wp\/v2\/posts\/132307","targetHints":{"allow":["GET"]}}],"collection":[{"href":"https:\/\/www.caririemacao.com\/1\/wp-json\/wp\/v2\/posts"}],"about":[{"href":"https:\/\/www.caririemacao.com\/1\/wp-json\/wp\/v2\/types\/post"}],"author":[{"embeddable":true,"href":"https:\/\/www.caririemacao.com\/1\/wp-json\/wp\/v2\/users\/1"}],"replies":[{"embeddable":true,"href":"https:\/\/www.caririemacao.com\/1\/wp-json\/wp\/v2\/comments?post=132307"}],"version-history":[{"count":1,"href":"https:\/\/www.caririemacao.com\/1\/wp-json\/wp\/v2\/posts\/132307\/revisions"}],"predecessor-version":[{"id":132308,"href":"https:\/\/www.caririemacao.com\/1\/wp-json\/wp\/v2\/posts\/132307\/revisions\/132308"}],"wp:featuredmedia":[{"embeddable":true,"href":"https:\/\/www.caririemacao.com\/1\/wp-json\/wp\/v2\/media\/131792"}],"wp:attachment":[{"href":"https:\/\/www.caririemacao.com\/1\/wp-json\/wp\/v2\/media?parent=132307"}],"wp:term":[{"taxonomy":"category","embeddable":true,"href":"https:\/\/www.caririemacao.com\/1\/wp-json\/wp\/v2\/categories?post=132307"},{"taxonomy":"post_tag","embeddable":true,"href":"https:\/\/www.caririemacao.com\/1\/wp-json\/wp\/v2\/tags?post=132307"}],"curies":[{"name":"wp","href":"https:\/\/api.w.org\/{rel}","templated":true}]}}