{"id":132310,"date":"2019-11-03T18:03:18","date_gmt":"2019-11-03T21:03:18","guid":{"rendered":"http:\/\/www.caririemacao.com\/1\/?p=132310"},"modified":"2019-11-03T18:03:18","modified_gmt":"2019-11-03T21:03:18","slug":"estudante-sonha-e-acerta-o-tema-do-enem-deste-ano","status":"publish","type":"post","link":"https:\/\/www.caririemacao.com\/1\/2019\/11\/03\/estudante-sonha-e-acerta-o-tema-do-enem-deste-ano\/","title":{"rendered":"Estudante &#8220;sonha&#8221; e acerta o tema do ENEM deste ano"},"content":{"rendered":"\n<figure class=\"wp-block-image\"><img decoding=\"async\" data-src=\"https:\/\/thumbor.clickpb.com.br\/hbNbzVS-OHYp7r8bH3BODbyCvvA=\/876x585\/top\/smart\/www.clickpb.com.br\/media\/filer_public\/36\/78\/3678951d-b650-40fc-8434-cb24bf2de610\/screenshot_2.jpg\" alt=\"\" src=\"data:image\/svg+xml;base64,PHN2ZyB3aWR0aD0iMSIgaGVpZ2h0PSIxIiB4bWxucz0iaHR0cDovL3d3dy53My5vcmcvMjAwMC9zdmciPjwvc3ZnPg==\" class=\"lazyload\" \/><figcaption>Neste domingo (3), o ministro Abraham Weintraub revelou que o tema da reda\u00e7\u00e3o este ano \u00e9 &#8220;Democratiza\u00e7\u00e3o do acesso ao cinema do Brasil&#8221;. (Foto: Reprodu\u00e7\u00e3o)<\/figcaption><\/figure>\n\n\n\n<p>A jovem Patr\u00edcia acertou o tema do ENEM em 2019. Em uma publica\u00e7\u00e3o no Twitter, ela descreveu:<\/p>\n\n\n\n<p>&#8220;Sonhei que o tema da reda\u00e7\u00e3o era o valor do cinema para a sociedade brasileira&#8221;, disse ela em publica\u00e7\u00e3o.<\/p>\n\n\n\n<p>O tu\u00edte foi feito na manh\u00e3 de 31 de outubro, tr\u00eas dias antes da primeira prova.<\/p>\n\n\n\n<p>Neste domingo (3), o ministro Abraham Weintraub revelou que o tema da reda\u00e7\u00e3o este ano \u00e9 &#8220;Democratiza\u00e7\u00e3o do acesso ao cinema do Brasil&#8221;.<\/p>\n","protected":false},"excerpt":{"rendered":"<p>A jovem Patr\u00edcia acertou o tema do ENEM em 2019. Em uma publica\u00e7\u00e3o no Twitter, ela descreveu: &#8220;Sonhei que o tema da reda\u00e7\u00e3o era o&hellip; <\/p>\n","protected":false},"author":1,"featured_media":127083,"comment_status":"closed","ping_status":"closed","sticky":false,"template":"","format":"standard","meta":{"sfsi_plus_gutenberg_text_before_share":"","sfsi_plus_gutenberg_show_text_before_share":"","sfsi_plus_gutenberg_icon_type":"","sfsi_plus_gutenberg_icon_alignemt":"","sfsi_plus_gutenburg_max_per_row":"","footnotes":""},"categories":[14],"tags":[],"class_list":["post-132310","post","type-post","status-publish","format-standard","has-post-thumbnail","hentry","category-educacao"],"_links":{"self":[{"href":"https:\/\/www.caririemacao.com\/1\/wp-json\/wp\/v2\/posts\/132310","targetHints":{"allow":["GET"]}}],"collection":[{"href":"https:\/\/www.caririemacao.com\/1\/wp-json\/wp\/v2\/posts"}],"about":[{"href":"https:\/\/www.caririemacao.com\/1\/wp-json\/wp\/v2\/types\/post"}],"author":[{"embeddable":true,"href":"https:\/\/www.caririemacao.com\/1\/wp-json\/wp\/v2\/users\/1"}],"replies":[{"embeddable":true,"href":"https:\/\/www.caririemacao.com\/1\/wp-json\/wp\/v2\/comments?post=132310"}],"version-history":[{"count":1,"href":"https:\/\/www.caririemacao.com\/1\/wp-json\/wp\/v2\/posts\/132310\/revisions"}],"predecessor-version":[{"id":132311,"href":"https:\/\/www.caririemacao.com\/1\/wp-json\/wp\/v2\/posts\/132310\/revisions\/132311"}],"wp:featuredmedia":[{"embeddable":true,"href":"https:\/\/www.caririemacao.com\/1\/wp-json\/wp\/v2\/media\/127083"}],"wp:attachment":[{"href":"https:\/\/www.caririemacao.com\/1\/wp-json\/wp\/v2\/media?parent=132310"}],"wp:term":[{"taxonomy":"category","embeddable":true,"href":"https:\/\/www.caririemacao.com\/1\/wp-json\/wp\/v2\/categories?post=132310"},{"taxonomy":"post_tag","embeddable":true,"href":"https:\/\/www.caririemacao.com\/1\/wp-json\/wp\/v2\/tags?post=132310"}],"curies":[{"name":"wp","href":"https:\/\/api.w.org\/{rel}","templated":true}]}}