{"id":132317,"date":"2019-11-03T18:07:50","date_gmt":"2019-11-03T21:07:50","guid":{"rendered":"http:\/\/www.caririemacao.com\/1\/?p=132317"},"modified":"2019-11-03T18:07:50","modified_gmt":"2019-11-03T21:07:50","slug":"paraibatec-governo-do-estado-oferece-vagas-em-seis-cursos-profissionalizantes-em-monteiro","status":"publish","type":"post","link":"https:\/\/www.caririemacao.com\/1\/2019\/11\/03\/paraibatec-governo-do-estado-oferece-vagas-em-seis-cursos-profissionalizantes-em-monteiro\/","title":{"rendered":"PARAIBATEC: Governo do Estado oferece vagas em seis cursos profissionalizantes em Monteiro"},"content":{"rendered":"\n<p>O Governo do Estado da Para\u00edba est\u00e1 oferecendo 6 cursos profissionalizantes atrav\u00e9s do PARAIBATEC em Monteiro. Os cursos s\u00e3o uma grande oportunidade pra quem deseja se profissionalizar, ampliar seu conhecimento e curr\u00edculo para ter uma melhor oportunidade no mercado de trabalho.<\/p>\n\n\n\n<p>Ser\u00e3o oferecidas 25 vagas para cada curso:<\/p>\n\n\n\n<p>\u2013 OPERADOR DE COMPUTADOR<br>\u2013 GAR\u00c7OM<br>\u2013 AGENTE DE RECEP\u00c7\u00c3O E RESERVAS EM MEIO DE HOSPEDAGEM<br>\u2013 ORGANIZADOR DE EVENTOS<br>\u2013 CUIDADOR DE IDOSO<br>\u2013 AGENTES DE INFORMA\u00c7\u00c3O TUR\u00cdSTICA<\/p>\n\n\n\n<p>As inscri\u00e7\u00f5es para os cursos j\u00e1 come\u00e7am nesta segunda-feira, dia 04, e v\u00e3o at\u00e9 o dia 30 de novembro e s\u00e3o feitas exclusivamente no site www.paraibatec.pb.gov.br .<\/p>\n\n\n\n<p>Poder\u00e3o participar do Processo Seletivo candidatos com no m\u00ednimo ensino fundamental II completo e idade a partir de 16 anos completos no in\u00edcio das aulas.<\/p>\n\n\n\n<p>S\u00e3o duas etapas: Inscri\u00e7\u00e3o online e entrevista de acordo com edital SSECT\/PARAIBATEC n\u00ba 33\/2019.<\/p>\n\n\n\n<p>Ainda est\u00e3o dispon\u00edveis vagas para supervisor dos cursos e apoio (estes remunerados) tamb\u00e9m maiores informa\u00e7\u00f5es no site.<\/p>\n\n\n\n<p>D\u00favidas procurem a dire\u00e7\u00e3o da Escola.<br><\/p>\n","protected":false},"excerpt":{"rendered":"<p>O Governo do Estado da Para\u00edba est\u00e1 oferecendo 6 cursos profissionalizantes atrav\u00e9s do PARAIBATEC em Monteiro. Os cursos s\u00e3o uma grande oportunidade pra quem deseja&hellip; <\/p>\n","protected":false},"author":1,"featured_media":110393,"comment_status":"closed","ping_status":"closed","sticky":false,"template":"","format":"standard","meta":{"sfsi_plus_gutenberg_text_before_share":"","sfsi_plus_gutenberg_show_text_before_share":"","sfsi_plus_gutenberg_icon_type":"","sfsi_plus_gutenberg_icon_alignemt":"","sfsi_plus_gutenburg_max_per_row":"","footnotes":""},"categories":[2],"tags":[],"class_list":["post-132317","post","type-post","status-publish","format-standard","has-post-thumbnail","hentry","category-geral"],"_links":{"self":[{"href":"https:\/\/www.caririemacao.com\/1\/wp-json\/wp\/v2\/posts\/132317","targetHints":{"allow":["GET"]}}],"collection":[{"href":"https:\/\/www.caririemacao.com\/1\/wp-json\/wp\/v2\/posts"}],"about":[{"href":"https:\/\/www.caririemacao.com\/1\/wp-json\/wp\/v2\/types\/post"}],"author":[{"embeddable":true,"href":"https:\/\/www.caririemacao.com\/1\/wp-json\/wp\/v2\/users\/1"}],"replies":[{"embeddable":true,"href":"https:\/\/www.caririemacao.com\/1\/wp-json\/wp\/v2\/comments?post=132317"}],"version-history":[{"count":1,"href":"https:\/\/www.caririemacao.com\/1\/wp-json\/wp\/v2\/posts\/132317\/revisions"}],"predecessor-version":[{"id":132318,"href":"https:\/\/www.caririemacao.com\/1\/wp-json\/wp\/v2\/posts\/132317\/revisions\/132318"}],"wp:featuredmedia":[{"embeddable":true,"href":"https:\/\/www.caririemacao.com\/1\/wp-json\/wp\/v2\/media\/110393"}],"wp:attachment":[{"href":"https:\/\/www.caririemacao.com\/1\/wp-json\/wp\/v2\/media?parent=132317"}],"wp:term":[{"taxonomy":"category","embeddable":true,"href":"https:\/\/www.caririemacao.com\/1\/wp-json\/wp\/v2\/categories?post=132317"},{"taxonomy":"post_tag","embeddable":true,"href":"https:\/\/www.caririemacao.com\/1\/wp-json\/wp\/v2\/tags?post=132317"}],"curies":[{"name":"wp","href":"https:\/\/api.w.org\/{rel}","templated":true}]}}