{"id":132320,"date":"2019-11-03T22:22:29","date_gmt":"2019-11-04T01:22:29","guid":{"rendered":"http:\/\/www.caririemacao.com\/1\/?p=132320"},"modified":"2019-11-03T22:22:29","modified_gmt":"2019-11-04T01:22:29","slug":"carro-com-seminaristas-capota-na-pe-283-um-e-transferido-para-recife","status":"publish","type":"post","link":"https:\/\/www.caririemacao.com\/1\/2019\/11\/03\/carro-com-seminaristas-capota-na-pe-283-um-e-transferido-para-recife\/","title":{"rendered":"Carro com seminaristas capota na PE 283. Um \u00e9 transferido para Recife"},"content":{"rendered":"\n<p><strong>Caso que mais inspira cuidados \u00e9 do serra-talhadense Lucas Emanoel, transferido para o Recife. Apesar da suspeita, seguiu est\u00e1vel para Recife.<\/strong><\/p>\n\n\n\n<p>Um acidente com um ve\u00edculo em que seguiam seminaristas da Diocese de Afogados da Ingazeira aconteceu agora a pouco na PE 283, na altura do S\u00edtio Po\u00e7o da Volta.<\/p>\n\n\n\n<p>Segundo o blogueiro M\u00e1rio Martins, o ve\u00edculo,&nbsp; um P\u00e1lio placas OYY 1488 perdeu o controle em um ponto da via e capotou.&nbsp; Ele acabou parando virado alguns metros ap\u00f3s o local da capotagem.<\/p>\n\n\n\n<p>Todos foram levados para o Hospital Regional Em\u00edlia C\u00e2mara. Dos cinco ocupantes, o caso mais grave \u00e9 o do seminarista Lucas Emanoel, de Serra Talhada. Ele precisou ser transferido por conta de uma pancada na cabe\u00e7a e suspeita de traumatismo craniano. Apesar da suspeita,&nbsp; ele seguiu com quadro considerado est\u00e1vel, sem perda de sentidos ou desorientado.<\/p>\n\n\n\n<p>O que se sabe at\u00e9 agora \u00e9 que o ve\u00edculo era guiado pelo Di\u00e1cono Alisson Maciel, que foi ordenado na \u00faltima quarta-feira em Triunfo. Al\u00e9m dele, mais quatro jovens seguiam no carro. \u00c0 exce\u00e7\u00e3o de Lucas, todos est\u00e3o sendo cuidados no Hospital Regional Em\u00edlia C\u00e2mara.<\/p>\n\n\n\n<p>O bispo Diocesano Dom Eg\u00eddio Bispo est\u00e1 em Recife. Ele celebrou na catedral do Senhor Bom Jesus dos Rem\u00e9dios ontem. Comunicado,&nbsp; aguarda a chegada do seminarista transferido.<\/p>\n\n\n\n<p>H\u00e1 poucos dias,&nbsp; a maioria esteve envolvida na Festa de S\u00e3o Judas Tadeu,&nbsp; organizada pelo semin\u00e1rio.&nbsp; A festa,&nbsp; tradicional em Afogados da Ingazeira,&nbsp; reuniu um grande n\u00famero de fi\u00e9is na reta final de outubro.<\/p>\n\n\n\n<p><strong>Fotos cedidas por M\u00e1rio Martins ao blog<\/strong><\/p>\n","protected":false},"excerpt":{"rendered":"<p>Caso que mais inspira cuidados \u00e9 do serra-talhadense Lucas Emanoel, transferido para o Recife. Apesar da suspeita, seguiu est\u00e1vel para Recife. Um acidente com um&hellip; <\/p>\n","protected":false},"author":1,"featured_media":132321,"comment_status":"closed","ping_status":"closed","sticky":false,"template":"","format":"standard","meta":{"sfsi_plus_gutenberg_text_before_share":"","sfsi_plus_gutenberg_show_text_before_share":"","sfsi_plus_gutenberg_icon_type":"","sfsi_plus_gutenberg_icon_alignemt":"","sfsi_plus_gutenburg_max_per_row":"","footnotes":""},"categories":[12],"tags":[],"class_list":["post-132320","post","type-post","status-publish","format-standard","has-post-thumbnail","hentry","category-policia"],"_links":{"self":[{"href":"https:\/\/www.caririemacao.com\/1\/wp-json\/wp\/v2\/posts\/132320","targetHints":{"allow":["GET"]}}],"collection":[{"href":"https:\/\/www.caririemacao.com\/1\/wp-json\/wp\/v2\/posts"}],"about":[{"href":"https:\/\/www.caririemacao.com\/1\/wp-json\/wp\/v2\/types\/post"}],"author":[{"embeddable":true,"href":"https:\/\/www.caririemacao.com\/1\/wp-json\/wp\/v2\/users\/1"}],"replies":[{"embeddable":true,"href":"https:\/\/www.caririemacao.com\/1\/wp-json\/wp\/v2\/comments?post=132320"}],"version-history":[{"count":1,"href":"https:\/\/www.caririemacao.com\/1\/wp-json\/wp\/v2\/posts\/132320\/revisions"}],"predecessor-version":[{"id":132322,"href":"https:\/\/www.caririemacao.com\/1\/wp-json\/wp\/v2\/posts\/132320\/revisions\/132322"}],"wp:featuredmedia":[{"embeddable":true,"href":"https:\/\/www.caririemacao.com\/1\/wp-json\/wp\/v2\/media\/132321"}],"wp:attachment":[{"href":"https:\/\/www.caririemacao.com\/1\/wp-json\/wp\/v2\/media?parent=132320"}],"wp:term":[{"taxonomy":"category","embeddable":true,"href":"https:\/\/www.caririemacao.com\/1\/wp-json\/wp\/v2\/categories?post=132320"},{"taxonomy":"post_tag","embeddable":true,"href":"https:\/\/www.caririemacao.com\/1\/wp-json\/wp\/v2\/tags?post=132320"}],"curies":[{"name":"wp","href":"https:\/\/api.w.org\/{rel}","templated":true}]}}