{"id":132323,"date":"2019-11-03T22:56:44","date_gmt":"2019-11-04T01:56:44","guid":{"rendered":"http:\/\/www.caririemacao.com\/1\/?p=132323"},"modified":"2019-11-03T22:56:44","modified_gmt":"2019-11-04T01:56:44","slug":"quadrilha-assalta-posto-em-sume-e-em-perseguicao-pm-troca-tiros-um-e-alvejado-e-outro-e-preso","status":"publish","type":"post","link":"https:\/\/www.caririemacao.com\/1\/2019\/11\/03\/quadrilha-assalta-posto-em-sume-e-em-perseguicao-pm-troca-tiros-um-e-alvejado-e-outro-e-preso\/","title":{"rendered":"Quadrilha assalta posto em Sum\u00e9 e em persegui\u00e7\u00e3o PM troca tiros, um \u00e9 alvejado e outro \u00e9 preso"},"content":{"rendered":"\n<p>Um assalto foi registrado na noite deste domingo(03) ao Posto de Combust\u00edvel Canarinho, no munic\u00edpio de Sum\u00e9, Cariri da Para\u00edba.<\/p>\n\n\n\n<p>Segundo informa\u00e7\u00f5es, seis homens em um carro preto renderam o frentista do posto levando uma quantia em dinheiro e tomando ainda alguns celulares de pessoas que estavam no restaurante do posto.<\/p>\n\n\n\n<p>A Pol\u00edcia Militar foi acionada rapidamente e realizaram uma longa persegui\u00e7\u00e3o aos assaltantes e pr\u00f3ximo a cidade da Prata, foi registrada uma troca de tiro com os assaltantes. Dos seis criminosos, um foi baleado e socorrido em estado grave pelo SAMU, outro foi preso e os demais abandonaram o veiculo, empreendendo fuga em um matagal que fica localizado nas proximidades da cer\u00e2mica e a vila, no munic\u00edpio da Prata.<\/p>\n\n\n\n<p>Unidades do SAMU foram acionadas e est\u00e3o no local prestando os primeiros socorros. As for\u00e7as policiais est\u00e3o fazendo cerco aos assaltantes, que j\u00e1 foram identificados e se trata de uma quadrilha que \u00e9 pertencente a cidade de Mundo Novo, interior do Pernambuco. De Olho no Cariri<\/p>\n\n\n\n<p><strong>De Olho no Cariri<\/strong><\/p>\n","protected":false},"excerpt":{"rendered":"<p>Um assalto foi registrado na noite deste domingo(03) ao Posto de Combust\u00edvel Canarinho, no munic\u00edpio de Sum\u00e9, Cariri da Para\u00edba. Segundo informa\u00e7\u00f5es, seis homens em&hellip; <\/p>\n","protected":false},"author":1,"featured_media":132324,"comment_status":"closed","ping_status":"closed","sticky":false,"template":"","format":"standard","meta":{"sfsi_plus_gutenberg_text_before_share":"","sfsi_plus_gutenberg_show_text_before_share":"","sfsi_plus_gutenberg_icon_type":"","sfsi_plus_gutenberg_icon_alignemt":"","sfsi_plus_gutenburg_max_per_row":"","footnotes":""},"categories":[50,12],"tags":[],"class_list":["post-132323","post","type-post","status-publish","format-standard","has-post-thumbnail","hentry","category-destaque","category-policia"],"_links":{"self":[{"href":"https:\/\/www.caririemacao.com\/1\/wp-json\/wp\/v2\/posts\/132323","targetHints":{"allow":["GET"]}}],"collection":[{"href":"https:\/\/www.caririemacao.com\/1\/wp-json\/wp\/v2\/posts"}],"about":[{"href":"https:\/\/www.caririemacao.com\/1\/wp-json\/wp\/v2\/types\/post"}],"author":[{"embeddable":true,"href":"https:\/\/www.caririemacao.com\/1\/wp-json\/wp\/v2\/users\/1"}],"replies":[{"embeddable":true,"href":"https:\/\/www.caririemacao.com\/1\/wp-json\/wp\/v2\/comments?post=132323"}],"version-history":[{"count":1,"href":"https:\/\/www.caririemacao.com\/1\/wp-json\/wp\/v2\/posts\/132323\/revisions"}],"predecessor-version":[{"id":132325,"href":"https:\/\/www.caririemacao.com\/1\/wp-json\/wp\/v2\/posts\/132323\/revisions\/132325"}],"wp:featuredmedia":[{"embeddable":true,"href":"https:\/\/www.caririemacao.com\/1\/wp-json\/wp\/v2\/media\/132324"}],"wp:attachment":[{"href":"https:\/\/www.caririemacao.com\/1\/wp-json\/wp\/v2\/media?parent=132323"}],"wp:term":[{"taxonomy":"category","embeddable":true,"href":"https:\/\/www.caririemacao.com\/1\/wp-json\/wp\/v2\/categories?post=132323"},{"taxonomy":"post_tag","embeddable":true,"href":"https:\/\/www.caririemacao.com\/1\/wp-json\/wp\/v2\/tags?post=132323"}],"curies":[{"name":"wp","href":"https:\/\/api.w.org\/{rel}","templated":true}]}}